{"id":3410,"date":"2016-02-25T22:55:34","date_gmt":"2016-02-25T21:55:34","guid":{"rendered":"https:\/\/escolaestevebarrachina.cat\/?p=3410"},"modified":"2016-02-25T22:55:34","modified_gmt":"2016-02-25T21:55:34","slug":"jornada-de-portes-obertes-2","status":"publish","type":"post","link":"https:\/\/agora.xtec.cat\/escolaestevebarrachina\/activitats-del-centre\/jornada-de-portes-obertes-2\/","title":{"rendered":"Jornada de Portes Obertes"},"content":{"rendered":"<p>Properament es publicar\u00e0 al DOGC la resoluci\u00f3 per a la preinscripci\u00f3 del curs 2016-2017 per als ensenyaments d&#8217;educaci\u00f3 infantil, educaci\u00f3 prim\u00e0ria, educaci\u00f3 secund\u00e0ria obligat\u00f2ria, centres integrats i ensenyaments professionals de m\u00fasica i dansa.<\/p>\n<p>Els terminis previstos de <strong>presentaci\u00f3 de sol\u00b7licituds<\/strong> s\u00f3n:<\/p>\n<ul>\n<li>Del\u00a0<strong>30 de mar\u00e7 al 7 d&#8217;abril<\/strong>, per als centre d&#8217;educaci\u00f3 infantil i prim\u00e0ria, i per al centres de secund\u00e0ria.<\/li>\n<\/ul>\n<p><strong>La Jornada de Portes Obertes<\/strong> en el nostre centre ser\u00e0<strong> dissabte, 5 de mar\u00e7 d&#8217;11:00 a 13:00h<\/strong>. Es una jornada oberta a tothom. Podeu venir amb els vostres fill i filles.<\/p>\n<p><strong> A les 11:00 es far\u00e0 una xerrada informativa<\/strong> sobre el projecte educatiu del centre i una posterior visita\u00a0 a totes les instal.lacions del centre amb l&#8217;acompanyament de l&#8217;alumnat de 6\u00e8.<\/p>\n<p>Mentrestant i fins les 13:00h hi haur\u00e0 activitats l\u00fadiques al pati organitzades per l&#8217;AMPA.<\/p>\n<p>Aix\u00ed mateix tamb\u00e9 es podr\u00e0 sol.licitar entrevista, per\u00a0 informar-se\u00a0 del Projecte educatiu del centre, del 24 de febrer al 4 de mar\u00e7, de 9 a 10h.<\/p>\n<p>M\u00e9s informaci\u00f3 del periode de preinscripci\u00f3:<\/p>\n<p>http:\/\/queestudiar.gencat.cat\/ca\/preinscripcio\/informacio_general\/index.html<\/p>\n<p>&nbsp;<\/p>\n<p>&nbsp;<\/p>\n","protected":false},"excerpt":{"rendered":"<p>Properament es publicar\u00e0 al DOGC la resoluci\u00f3 per a la preinscripci\u00f3 del curs 2016-2017 per als ensenyaments d&#8217;educaci\u00f3 infantil, educaci\u00f3 prim\u00e0ria, educaci\u00f3 secund\u00e0ria obligat\u00f2ria, centres integrats i ensenyaments professionals de m\u00fasica i dansa.<br \/>\nEls terminis previstos de presentaci\u00f3 de sol\u00b7licituds s\u00f3n:<\/p>\n<ul>\n<li>Del\u00a030 de mar\u00e7 al 7 d&#8217;abril,&hellip;  <a href=\"https:\/\/agora.xtec.cat\/escolaestevebarrachina\/activitats-del-centre\/jornada-de-portes-obertes-2\/\" title=\"Read Jornada de Portes Obertes\">Llegeix m\u00e9s\u00bb<\/a><br \/>\n","protected":false},"author":1,"featured_media":3430,"comment_status":"open","ping_status":"open","sticky":false,"template":"","format":"standard","meta":{"_bbp_topic_count":0,"_bbp_reply_count":0,"_bbp_total_topic_count":0,"_bbp_total_reply_count":0,"_bbp_voice_count":0,"_bbp_anonymous_reply_count":0,"_bbp_topic_count_hidden":0,"_bbp_reply_count_hidden":0,"_bbp_forum_subforum_count":0,"footnotes":""},"categories":[84,86],"tags":[],"class_list":["post-3410","post","type-post","status-publish","format-standard","has-post-thumbnail","hentry","category-activitats-del-centre","category-blog"],"post_mailing_queue_ids":[],"_links":{"self":[{"href":"https:\/\/agora.xtec.cat\/escolaestevebarrachina\/wp-json\/wp\/v2\/posts\/3410","targetHints":{"allow":["GET"]}}],"collection":[{"href":"https:\/\/agora.xtec.cat\/escolaestevebarrachina\/wp-json\/wp\/v2\/posts"}],"about":[{"href":"https:\/\/agora.xtec.cat\/escolaestevebarrachina\/wp-json\/wp\/v2\/types\/post"}],"author":[{"embeddable":true,"href":"https:\/\/agora.xtec.cat\/escolaestevebarrachina\/wp-json\/wp\/v2\/users\/1"}],"replies":[{"embeddable":true,"href":"https:\/\/agora.xtec.cat\/escolaestevebarrachina\/wp-json\/wp\/v2\/comments?post=3410"}],"version-history":[{"count":0,"href":"https:\/\/agora.xtec.cat\/escolaestevebarrachina\/wp-json\/wp\/v2\/posts\/3410\/revisions"}],"wp:featuredmedia":[{"embeddable":true,"href":"https:\/\/agora.xtec.cat\/escolaestevebarrachina\/wp-json\/"}],"wp:attachment":[{"href":"https:\/\/agora.xtec.cat\/escolaestevebarrachina\/wp-json\/wp\/v2\/media?parent=3410"}],"wp:term":[{"taxonomy":"category","embeddable":true,"href":"https:\/\/agora.xtec.cat\/escolaestevebarrachina\/wp-json\/wp\/v2\/categories?post=3410"},{"taxonomy":"post_tag","embeddable":true,"href":"https:\/\/agora.xtec.cat\/escolaestevebarrachina\/wp-json\/wp\/v2\/tags?post=3410"}],"curies":[{"name":"wp","href":"https:\/\/api.w.org\/{rel}","templated":true}]}}