{"id":3387,"date":"2016-02-02T09:59:43","date_gmt":"2016-02-02T08:59:43","guid":{"rendered":"https:\/\/escolaestevebarrachina.cat\/?p=3387"},"modified":"2016-02-02T09:59:43","modified_gmt":"2016-02-02T08:59:43","slug":"nou-equip-dhandbol-a-lescola","status":"publish","type":"post","link":"https:\/\/agora.xtec.cat\/escolaestevebarrachina\/blog\/nou-equip-dhandbol-a-lescola\/","title":{"rendered":"NOU EQUIP D\u2019HANDBOL A L\u2019ESCOLA"},"content":{"rendered":"<p>Iniciem una nova etapa d\u2018handbol a l\u2019escola amb la creaci\u00f3 de l<strong>\u2019equip alev\u00ed femen\u00ed<\/strong> format en la seva majoria per nenes de cicle superior. Ja s\u00f3n dos els equips que ens representen en els jocs escolars organitzats pel Consell Esportiu i dos els partits que es jugaran setmanalment. Si ens voleu seguir, cada dissabte a les 9 el pavell\u00f3 municipal acollir\u00e0 a l\u2019equip que jugui a casa.<br \/>\nDe moment, estrena aquest passat dissabte de l\u2019alev\u00ed femen\u00ed amb unes jugadores que, tot i la derrota en el seu primer partit, van jugar molt b\u00e9 i van lluitar molt.<br \/>\nL\u2019alev\u00ed mascul\u00ed inicia la segona fase de la competici\u00f3 ampliant la seva plantilla amb m\u00e9s nens que han volgut apuntar-se a probar aquest esport. Bons resultats de moment en els tres partits que porten jugats.<br \/>\nPer la seva banda, els nostres prebenjamins\/es i benjamins\/es continuen els seus entrenaments a l\u2019espera de poder jugar alg\u00fan amist\u00f3s que de ben segur sorgir\u00e0 ben aviat i dels que tamb\u00e9 us mantindrem informats.<\/p>\n<p>Fins aleshores, BON HANDBOL !!<\/p>\n","protected":false},"excerpt":{"rendered":"<p>Iniciem una nova etapa d\u2018handbol a l\u2019escola amb la creaci\u00f3 de l\u2019equip alev\u00ed femen\u00ed format en la seva majoria per nenes de cicle superior. Ja s\u00f3n dos els equips que ens representen en els jocs escolars organitzats pel Consell Esportiu i dos els partits que&hellip;  <a href=\"https:\/\/agora.xtec.cat\/escolaestevebarrachina\/blog\/nou-equip-dhandbol-a-lescola\/\" title=\"Read NOU EQUIP D\u2019HANDBOL A L\u2019ESCOLA\">Llegeix m\u00e9s\u00bb<\/a><\/p>\n","protected":false},"author":1,"featured_media":3388,"comment_status":"open","ping_status":"open","sticky":false,"template":"","format":"standard","meta":{"_bbp_topic_count":0,"_bbp_reply_count":0,"_bbp_total_topic_count":0,"_bbp_total_reply_count":0,"_bbp_voice_count":0,"_bbp_anonymous_reply_count":0,"_bbp_topic_count_hidden":0,"_bbp_reply_count_hidden":0,"_bbp_forum_subforum_count":0,"footnotes":""},"categories":[86,87],"tags":[],"class_list":["post-3387","post","type-post","status-publish","format-standard","has-post-thumbnail","hentry","category-blog","category-handbol"],"post_mailing_queue_ids":[],"_links":{"self":[{"href":"https:\/\/agora.xtec.cat\/escolaestevebarrachina\/wp-json\/wp\/v2\/posts\/3387","targetHints":{"allow":["GET"]}}],"collection":[{"href":"https:\/\/agora.xtec.cat\/escolaestevebarrachina\/wp-json\/wp\/v2\/posts"}],"about":[{"href":"https:\/\/agora.xtec.cat\/escolaestevebarrachina\/wp-json\/wp\/v2\/types\/post"}],"author":[{"embeddable":true,"href":"https:\/\/agora.xtec.cat\/escolaestevebarrachina\/wp-json\/wp\/v2\/users\/1"}],"replies":[{"embeddable":true,"href":"https:\/\/agora.xtec.cat\/escolaestevebarrachina\/wp-json\/wp\/v2\/comments?post=3387"}],"version-history":[{"count":0,"href":"https:\/\/agora.xtec.cat\/escolaestevebarrachina\/wp-json\/wp\/v2\/posts\/3387\/revisions"}],"wp:featuredmedia":[{"embeddable":true,"href":"https:\/\/agora.xtec.cat\/escolaestevebarrachina\/wp-json\/"}],"wp:attachment":[{"href":"https:\/\/agora.xtec.cat\/escolaestevebarrachina\/wp-json\/wp\/v2\/media?parent=3387"}],"wp:term":[{"taxonomy":"category","embeddable":true,"href":"https:\/\/agora.xtec.cat\/escolaestevebarrachina\/wp-json\/wp\/v2\/categories?post=3387"},{"taxonomy":"post_tag","embeddable":true,"href":"https:\/\/agora.xtec.cat\/escolaestevebarrachina\/wp-json\/wp\/v2\/tags?post=3387"}],"curies":[{"name":"wp","href":"https:\/\/api.w.org\/{rel}","templated":true}]}}