{"id":3380,"date":"2016-01-31T20:58:14","date_gmt":"2016-01-31T19:58:14","guid":{"rendered":"https:\/\/escolaestevebarrachina.cat\/?p=3380"},"modified":"2016-01-31T20:58:14","modified_gmt":"2016-01-31T19:58:14","slug":"gracies-lucrecia-i-pilarin","status":"publish","type":"post","link":"https:\/\/agora.xtec.cat\/escolaestevebarrachina\/activitats-del-centre\/gracies-lucrecia-i-pilarin\/","title":{"rendered":"Gr\u00e0cies Lucrecia i Pilarin"},"content":{"rendered":"<p>El passat diumenge 24 de Gener v\u00e0rem poder gaudir de la pres\u00e8ncia de la cantant Lucrecia i de la Pilarin Bay\u00e9s en la presentaci\u00f3 del conte &#8220;Petons de xocolata&#8221; .\u00a0 Per a nosaltres va ser una gran festa, els nens i nenes i professors de l&#8217;Escola Municipal de m\u00fasica &#8220;Montserrat Almirall&#8221; van\u00a0 acompanyar musicalment la cantant Lucrecia, mentre la Pilarin Bay\u00e9s ens\u00a0 obsequiava amb uns dibuixos que anava il.lustrant al mateix\u00a0 moment. Estavem tant entusiasmats que el concert se&#8217;ns va fer curt i hagu\u00e8ssim continuat.\u00a0 Ara b\u00e9 despr\u00e9s del concert tant la Lucrecia com la Pilarin ens van signar els nostres contes.<\/p>\n<p>Gr\u00e0cies a la seva solidaritat, podrem dotar la nostra biblioteca de l&#8217; escola i de les aules de molts\u00a0 llibres nous ja que la seva actuaci\u00f3 va permetre\u00a0 recaptar m\u00e9s\u00a0 de 1500\u20ac. Tot un \u00e8xit!!!<\/p>\n<p>Gr\u00e0cies nens i nenes, gr\u00e0cies Escola de m\u00fasica, gr\u00e0cies AMPA,<\/p>\n<p>GR\u00c0CIES PILARIN I LUCRECIA!!!<\/p>\n<p>&nbsp;<\/p>\n","protected":false},"excerpt":{"rendered":"<p>El passat diumenge 24 de Gener v\u00e0rem poder gaudir de la pres\u00e8ncia de la cantant Lucrecia i de la Pilarin Bay\u00e9s en la presentaci\u00f3 del conte &#8220;Petons de xocolata&#8221; .\u00a0 Per a nosaltres va ser una gran festa, els nens i nenes i professors de&hellip;  <a href=\"https:\/\/agora.xtec.cat\/escolaestevebarrachina\/activitats-del-centre\/gracies-lucrecia-i-pilarin\/\" title=\"Read Gr\u00e0cies Lucrecia i Pilarin\">Llegeix m\u00e9s\u00bb<\/a><\/p>\n","protected":false},"author":1,"featured_media":3383,"comment_status":"open","ping_status":"open","sticky":false,"template":"","format":"standard","meta":{"_bbp_topic_count":0,"_bbp_reply_count":0,"_bbp_total_topic_count":0,"_bbp_total_reply_count":0,"_bbp_voice_count":0,"_bbp_anonymous_reply_count":0,"_bbp_topic_count_hidden":0,"_bbp_reply_count_hidden":0,"_bbp_forum_subforum_count":0,"footnotes":""},"categories":[84,86],"tags":[],"class_list":["post-3380","post","type-post","status-publish","format-standard","has-post-thumbnail","hentry","category-activitats-del-centre","category-blog"],"post_mailing_queue_ids":[],"_links":{"self":[{"href":"https:\/\/agora.xtec.cat\/escolaestevebarrachina\/wp-json\/wp\/v2\/posts\/3380","targetHints":{"allow":["GET"]}}],"collection":[{"href":"https:\/\/agora.xtec.cat\/escolaestevebarrachina\/wp-json\/wp\/v2\/posts"}],"about":[{"href":"https:\/\/agora.xtec.cat\/escolaestevebarrachina\/wp-json\/wp\/v2\/types\/post"}],"author":[{"embeddable":true,"href":"https:\/\/agora.xtec.cat\/escolaestevebarrachina\/wp-json\/wp\/v2\/users\/1"}],"replies":[{"embeddable":true,"href":"https:\/\/agora.xtec.cat\/escolaestevebarrachina\/wp-json\/wp\/v2\/comments?post=3380"}],"version-history":[{"count":0,"href":"https:\/\/agora.xtec.cat\/escolaestevebarrachina\/wp-json\/wp\/v2\/posts\/3380\/revisions"}],"wp:featuredmedia":[{"embeddable":true,"href":"https:\/\/agora.xtec.cat\/escolaestevebarrachina\/wp-json\/"}],"wp:attachment":[{"href":"https:\/\/agora.xtec.cat\/escolaestevebarrachina\/wp-json\/wp\/v2\/media?parent=3380"}],"wp:term":[{"taxonomy":"category","embeddable":true,"href":"https:\/\/agora.xtec.cat\/escolaestevebarrachina\/wp-json\/wp\/v2\/categories?post=3380"},{"taxonomy":"post_tag","embeddable":true,"href":"https:\/\/agora.xtec.cat\/escolaestevebarrachina\/wp-json\/wp\/v2\/tags?post=3380"}],"curies":[{"name":"wp","href":"https:\/\/api.w.org\/{rel}","templated":true}]}}