{"id":3323,"date":"2015-12-13T19:00:27","date_gmt":"2015-12-13T18:00:27","guid":{"rendered":"https:\/\/escolaestevebarrachina.cat\/?p=3323"},"modified":"2015-12-13T19:00:27","modified_gmt":"2015-12-13T18:00:27","slug":"projecte-lecxit","status":"publish","type":"post","link":"https:\/\/agora.xtec.cat\/escolaestevebarrachina\/blog\/projecte-lecxit\/","title":{"rendered":"Projecte Lecxit"},"content":{"rendered":"<p>El\u00a0 Projecte Lecxit est\u00e0 funcionant al nostre centre, aquest curs per tercer any consecutiu. Per a nosaltres \u00e9s una gran satisfacci\u00f3 veure com els nens i nenes que hi participen se senten motivats per la lectura, gr\u00e0cies a les persones que col\u00b7laboren com a voluntaris.<\/p>\n<p>Com b\u00e9 ja sabeu la nostra escola est\u00e0 apostant pel foment de la lectura, amb l&#8217;objectiu de millorar l&#8217;\u00e8xit escolar. Pla de lectura del centre es basa en tres eixos fonamentals:<\/p>\n<p>&#8220;<span class=\"hiddenGrammarError\">el saber<\/span> llegir&#8221; \u00e9s a dir aprendre a llegir i comprendre, estretament est\u00e0 relacionat amb l&#8217;adquisici\u00f3 de la compet\u00e8ncia ling\u00fc\u00edstica.<br \/>\n&#8220;<span class=\"hiddenGrammarError\">el llegir<\/span> per aprendre&#8221;, \u00e9s a dir utilitzar la lectura per aprendre, per adquirir coneixements. Relacionat amb la compet\u00e8ncia informacional.<br \/>\n&#8220;El gust per llegir&#8221;<\/p>\n<p>El Programa\u00a0 Lecxit de la Fundaci\u00f3 Bofill pret\u00e9n desenvolupar aquest tercer eix. Cada dijous de 16,30 a 17,30 els nostres alumnes es troben a la biblioteca del centre, amb el seu mentor que els acompanya i els motiva en la lectura. Comparteixen interessos, parlen de lectures, i entre ells s&#8217;estableix una relaci\u00f3 de confian\u00e7a i d&#8217;amistat.<\/p>\n<p>Volem donar les gr\u00e0cies a aquests voluntaris i volunt\u00e0ries que fan possible que aquests nens i nenes despertin el seu inter\u00e8s vers la lectura<\/p>\n<p><a href=\"https:\/\/escolaestevebarrachina.cat\/wp-content\/uploads\/2015\/12\/PicMonkey-Collage1.jpg\"><img loading=\"lazy\" decoding=\"async\" class=\"alignleft size-large wp-image-3332\" src=\"https:\/\/escolaestevebarrachina.cat\/wp-content\/uploads\/2015\/12\/PicMonkey-Collage1-1024x1024.jpg\" alt=\"PicMonkey Collage\" width=\"980\" height=\"980\" \/><\/a><\/p>\n<p>Aprofitem per\u00a0 animar-vos a ser voluntari. Ells t&#8217; ho agra\u00efran.\u00a0 Si est\u00e0s interessat o b\u00e9 coneixes alg\u00fa que hi vol participar , <strong>TRUCA&#8217;NS !!!!, si us plau<\/strong><\/p>\n<p>&nbsp;<\/p>\n","protected":false},"excerpt":{"rendered":"<p>El\u00a0 Projecte Lecxit est\u00e0 funcionant al nostre centre, aquest curs per tercer any consecutiu. Per a nosaltres \u00e9s una gran satisfacci\u00f3 veure com els nens i nenes que hi participen se senten motivats per la lectura, gr\u00e0cies a les persones que col\u00b7laboren com a voluntaris.<br \/>\nCom&hellip;  <a href=\"https:\/\/agora.xtec.cat\/escolaestevebarrachina\/blog\/projecte-lecxit\/\" title=\"Read Projecte Lecxit\">Llegeix m\u00e9s\u00bb<\/a><\/p>\n","protected":false},"author":1,"featured_media":3324,"comment_status":"open","ping_status":"open","sticky":false,"template":"","format":"standard","meta":{"_bbp_topic_count":0,"_bbp_reply_count":0,"_bbp_total_topic_count":0,"_bbp_total_reply_count":0,"_bbp_voice_count":0,"_bbp_anonymous_reply_count":0,"_bbp_topic_count_hidden":0,"_bbp_reply_count_hidden":0,"_bbp_forum_subforum_count":0,"footnotes":""},"categories":[86],"tags":[137],"class_list":["post-3323","post","type-post","status-publish","format-standard","has-post-thumbnail","hentry","category-blog","tag-lecxit"],"post_mailing_queue_ids":[],"_links":{"self":[{"href":"https:\/\/agora.xtec.cat\/escolaestevebarrachina\/wp-json\/wp\/v2\/posts\/3323","targetHints":{"allow":["GET"]}}],"collection":[{"href":"https:\/\/agora.xtec.cat\/escolaestevebarrachina\/wp-json\/wp\/v2\/posts"}],"about":[{"href":"https:\/\/agora.xtec.cat\/escolaestevebarrachina\/wp-json\/wp\/v2\/types\/post"}],"author":[{"embeddable":true,"href":"https:\/\/agora.xtec.cat\/escolaestevebarrachina\/wp-json\/wp\/v2\/users\/1"}],"replies":[{"embeddable":true,"href":"https:\/\/agora.xtec.cat\/escolaestevebarrachina\/wp-json\/wp\/v2\/comments?post=3323"}],"version-history":[{"count":0,"href":"https:\/\/agora.xtec.cat\/escolaestevebarrachina\/wp-json\/wp\/v2\/posts\/3323\/revisions"}],"wp:featuredmedia":[{"embeddable":true,"href":"https:\/\/agora.xtec.cat\/escolaestevebarrachina\/wp-json\/"}],"wp:attachment":[{"href":"https:\/\/agora.xtec.cat\/escolaestevebarrachina\/wp-json\/wp\/v2\/media?parent=3323"}],"wp:term":[{"taxonomy":"category","embeddable":true,"href":"https:\/\/agora.xtec.cat\/escolaestevebarrachina\/wp-json\/wp\/v2\/categories?post=3323"},{"taxonomy":"post_tag","embeddable":true,"href":"https:\/\/agora.xtec.cat\/escolaestevebarrachina\/wp-json\/wp\/v2\/tags?post=3323"}],"curies":[{"name":"wp","href":"https:\/\/api.w.org\/{rel}","templated":true}]}}