{"id":3306,"date":"2015-12-07T14:15:53","date_gmt":"2015-12-07T13:15:53","guid":{"rendered":"https:\/\/escolaestevebarrachina.cat\/?p=3306"},"modified":"2015-12-07T14:15:53","modified_gmt":"2015-12-07T13:15:53","slug":"dia-de-la-musica","status":"publish","type":"post","link":"https:\/\/agora.xtec.cat\/escolaestevebarrachina\/escola-estebe-barrachina\/dia-de-la-musica\/","title":{"rendered":"Dia de la M\u00fasica"},"content":{"rendered":"<p>Des de la Comissi\u00f3 de Cultura i Festes es va\u00a0 organitzar pel dia 20 de novembre , la celebraci\u00f3 de Santa Cec\u00edlia,\u00a0 patrona de la m\u00fasica.<\/p>\n<p>Els objectius d&#8217;aquesta celebraci\u00f3 v\u00e0ren ser:<\/p>\n<p>-Donar a con\u00e9ixer entre l\u2019alumnat una festa que \u00e9s tradici\u00f3 a molts pa\u00efsos d\u2019arreu del m\u00f3n.<\/p>\n<p>-Donar a l&#8217;alumnat que estudia\u00a0 m\u00fasica fora de l\u2019escola, l\u2019oportunitat de mostrar el seu treball davant dels companys.<\/p>\n<p>-Fer m\u00fasica tots junts.<br \/>\nL\u2019acte en s\u00ed va ser una trobada breu i informal en qu\u00e8 diversos alumnes tocaren una can\u00e7\u00f3 amb els seus instruments i despr\u00e9s tots junts cantaren\u00a0 una o dues can\u00e7ons. Les audicions es dugueren a terme a la sala d&#8217;actes amb el seg\u00fcent horari:<\/p>\n<p>A les 9\u201915 h hi assistiren l&#8217;alumnat de 1r i 5\u00e8<br \/>\nA les 10\u201930 h, l&#8217;alumnat de 2n i 6\u00e8<br \/>\nA les 11\u201945 h, l&#8217;alumnat de 3r i 4t<br \/>\nI per finalitzar a les 15:15 h, tot l&#8217;alumnat d&#8217; Infantil.<\/p>\n<p>Tots i totes v\u00e0rem quedar encantats amb el concert i v\u00e0rem gaudir escoltant la m\u00fasica i veient com els nostres companys tocaven el seu instrument musical. Donem les gr\u00e0cies a tan bona iniciativa que el nostre professor de m\u00fasica ens va oferir.<\/p>\n<p><a href=\"https:\/\/escolaestevebarrachina.cat\/wp-content\/uploads\/2015\/12\/PicMonkey-Collage.jpg\"><img loading=\"lazy\" decoding=\"async\" class=\"alignleft size-full wp-image-3312\" src=\"https:\/\/escolaestevebarrachina.cat\/wp-content\/uploads\/2015\/12\/PicMonkey-Collage.jpg\" alt=\"PicMonkey Collage\" width=\"2000\" height=\"1747\" \/><\/a><\/p>\n<p>&nbsp;<\/p>\n<p>&nbsp;<\/p>\n<p>&nbsp;<\/p>\n<p>&nbsp;<\/p>\n<p>&nbsp;<\/p>\n<p>&nbsp;<\/p>\n<p>&nbsp;<\/p>\n<p>&nbsp;<\/p>\n<p>&nbsp;<\/p>\n<p>&nbsp;<\/p>\n<p><a href=\"https:\/\/www.flickr.com\/photos\/105651434@N04\/albums\/72157660873664249\/with\/22957024030\/\">Segueix mirant&#8230; <\/a><\/p>\n<p>&nbsp;<\/p>\n","protected":false},"excerpt":{"rendered":"<p>Des de la Comissi\u00f3 de Cultura i Festes es va\u00a0 organitzar pel dia 20 de novembre , la celebraci\u00f3 de Santa Cec\u00edlia,\u00a0 patrona de la m\u00fasica.<br \/>\nEls objectius d&#8217;aquesta celebraci\u00f3 v\u00e0ren ser:<br \/>\n-Donar a con\u00e9ixer entre l\u2019alumnat una festa que \u00e9s tradici\u00f3 a molts pa\u00efsos d\u2019arreu del&hellip;  <a href=\"https:\/\/agora.xtec.cat\/escolaestevebarrachina\/escola-estebe-barrachina\/dia-de-la-musica\/\" title=\"Read Dia de la M\u00fasica\">Llegeix m\u00e9s\u00bb<\/a><\/p>\n","protected":false},"author":1,"featured_media":3307,"comment_status":"open","ping_status":"open","sticky":false,"template":"","format":"standard","meta":{"_bbp_topic_count":0,"_bbp_reply_count":0,"_bbp_total_topic_count":0,"_bbp_total_reply_count":0,"_bbp_voice_count":0,"_bbp_anonymous_reply_count":0,"_bbp_topic_count_hidden":0,"_bbp_reply_count_hidden":0,"_bbp_forum_subforum_count":0,"footnotes":""},"categories":[86,85,136],"tags":[128],"class_list":["post-3306","post","type-post","status-publish","format-standard","has-post-thumbnail","hentry","category-blog","category-escola-estebe-barrachina","category-festes","tag-festes"],"post_mailing_queue_ids":[],"_links":{"self":[{"href":"https:\/\/agora.xtec.cat\/escolaestevebarrachina\/wp-json\/wp\/v2\/posts\/3306","targetHints":{"allow":["GET"]}}],"collection":[{"href":"https:\/\/agora.xtec.cat\/escolaestevebarrachina\/wp-json\/wp\/v2\/posts"}],"about":[{"href":"https:\/\/agora.xtec.cat\/escolaestevebarrachina\/wp-json\/wp\/v2\/types\/post"}],"author":[{"embeddable":true,"href":"https:\/\/agora.xtec.cat\/escolaestevebarrachina\/wp-json\/wp\/v2\/users\/1"}],"replies":[{"embeddable":true,"href":"https:\/\/agora.xtec.cat\/escolaestevebarrachina\/wp-json\/wp\/v2\/comments?post=3306"}],"version-history":[{"count":0,"href":"https:\/\/agora.xtec.cat\/escolaestevebarrachina\/wp-json\/wp\/v2\/posts\/3306\/revisions"}],"wp:featuredmedia":[{"embeddable":true,"href":"https:\/\/agora.xtec.cat\/escolaestevebarrachina\/wp-json\/"}],"wp:attachment":[{"href":"https:\/\/agora.xtec.cat\/escolaestevebarrachina\/wp-json\/wp\/v2\/media?parent=3306"}],"wp:term":[{"taxonomy":"category","embeddable":true,"href":"https:\/\/agora.xtec.cat\/escolaestevebarrachina\/wp-json\/wp\/v2\/categories?post=3306"},{"taxonomy":"post_tag","embeddable":true,"href":"https:\/\/agora.xtec.cat\/escolaestevebarrachina\/wp-json\/wp\/v2\/tags?post=3306"}],"curies":[{"name":"wp","href":"https:\/\/api.w.org\/{rel}","templated":true}]}}