{"id":33,"date":"2007-12-14T18:23:50","date_gmt":"2007-12-14T17:23:50","guid":{"rendered":"http:\/\/blocs.xtec.cat\/ceipbarrachina\/2007\/12\/14\/nadal-a-lescola\/"},"modified":"2007-12-14T18:23:50","modified_gmt":"2007-12-14T17:23:50","slug":"nadal-a-lescola","status":"publish","type":"post","link":"https:\/\/agora.xtec.cat\/escolaestevebarrachina\/activitats-del-centre\/nadal-a-lescola\/","title":{"rendered":"NADAL A L&#8217;ESCOLA"},"content":{"rendered":"<p>Benvolguts pares i mares,<\/p>\n<p>Novament , hem organitzat un seguit d\u2019activitats per celebrar aquestes festes.<\/p>\n<p>Amb la vostra col.laboraci\u00f3 hem guarnit l\u2019escola amb estrelles fetes amb diferents t\u00e8cniques. Aprofitem per donar-vos les gr\u00e0cies ; i dir-vos que el resultat \u00e9s espectacular.<br \/>\nTarges Nadalenques: <\/strong>tots els<strong> <\/strong>nens i les nenes desitgen Bon Nadal a tota la Comunitat Educativa, intercanviant targes realitzades per ells mateixos.<\/li>\n<\/ul>\n<p><!--[if !supportEmptyParas]--> <!--[endif]--><\/p>\n<ul>\n<li><!--[if !supportLists]-->    <!--[endif]--><strong>El Ti\u00f3<\/strong>: A Educaci\u00f3 Infantil i Cicle Inicial faran cagar el Ti\u00f3. Els pares i mares podeu col\u00b7laborar donant als vostres fills menjar per poder-lo alimentar i alguna manta per poder-lo tapar.<\/li>\n<\/ul>\n<p><!--[if !supportEmptyParas]--> <!--[endif]--><\/p>\n<p><!--[if !supportLists]-->    <!--[endif]--><\/p>\n<ul>\n<li><strong>El Patge<\/strong>: el dimarts, dia 18 de desembre el Patge Reial visitar\u00e0 als nens i nenes d\u2019Educaci\u00f3 Infantil i Cicle Inicial.<\/li>\n<\/ul>\n<p><!--[if !supportEmptyParas]--> <!--[endif]--><\/p>\n<ul>\n<li><!--[if !supportLists]--><!--[endif]--><strong>Festival de Nadal: <\/strong>Ja fa anys que l\u2019escola  clou el primer trimestre  amb una Actuaci\u00f3 al Teatre Prado. Aquest acte tindr\u00e0 lloc el divendres,  21 de desembre al mat\u00ed. L\u2019ordre de les actuacions ser\u00e0 el seg\u00fcent:<\/li>\n<\/ul>\n<p><!--[if !supportEmptyParas]--> <!--[endif]--><\/p>\n<p><!--[if !supportEmptyParas]--> <!--[endif]--><\/p>\n<p><!--[if !supportLists]-->&#8211;  10 h.   Entrada i actuaci\u00f3 dels nens i nenes d\u2019Educaci\u00f3 Infantil i Cicle Inicial<\/p>\n<p>-11.30 h.     Entrada i actuaci\u00f3 dels nens i nenes                                dels cicles Mitj\u00e0 i Superior<\/p>\n<p>El lloc reservat als familiars i amics que vinguin a veure l\u2019espectacle s\u00f3n els seients del pis superior del teatre. Preguem respecteu aquest lloc que teniu assignat per a que l\u2019acte es desenvolupi de la millor manera possible.<\/p>\n<p>El fot\u00f2graf ens far\u00e0 les fotos  de tots els grups que actuen. Aquestes fotos es podran adquirir a la Merc\u00e8 tamb\u00e9 la setmana  del 20 al 24 de gener . Si voleu fer fotos us demanem que les feu des de dalt. Estem segurs que la vostra col.laboraci\u00f3 ajudar\u00e0 a que l\u2019acte sigui un gran \u00e8xit.<\/p>\n<p>Tot l\u2019alumnat del centre caldr\u00e0 que aquest dia vingui vestit amb un pantal\u00f3 o faldilla de color blau o color fosc i una camisa o jersei blanc. A m\u00e9s a m\u00e9s els nens i nenes de P3 cal que portin un \u201cespumill\u00f3n \u201c i els de sis\u00e8 un gorro de Papa Noel. Cal exceptuar:<\/p>\n<p><!--[if !supportLists]-->&#8211;         <!--[endif]-->Primer: que anir\u00e0 vestit amb pantalons Texans i una samarreta de colors vius.<\/p>\n<p><!--[if !supportLists]-->&#8211;         <!--[endif]-->Cinqu\u00e8: amb pantalons foscos  i samarreta o jersei vermell<\/p>\n<p><!--[if !supportEmptyParas]--> <!--[endif]--><\/p>\n<p><strong>RECORDEU !!! Aquest any el dia 21 de desembre, fem jornada intensiva, per tant les classes acabaran a les 13h. Els alumnes del menjador sortiran a les 15h.<\/strong><\/p>\n<p><a href=\"http:\/\/picasaweb.google.es\/lh\/photo\/yLwDKQLjbYI52tRmmBu5-w?feat=embedwebsite\"><img decoding=\"async\" src=\"http:\/\/lh3.ggpht.com\/_r6UtPn1rQEc\/R2JtM7ghaRI\/AAAAAAAACTM\/3rwfMK-XUvo\/s400\/14-12%20075.jpg\" \/><\/a><\/p>\n","protected":false},"excerpt":{"rendered":"<p>Benvolguts pares i mares,<br \/>\nNovament , hem organitzat un seguit d\u2019activitats per celebrar aquestes festes.<br \/>\nAmb la vostra col.laboraci\u00f3 hem guarnit l\u2019escola amb estrelles fetes amb diferents t\u00e8cniques. Aprofitem per donar-vos les gr\u00e0cies ; i dir-vos que el resultat \u00e9s espectacular.<br \/>\nTarges Nadalenques: tots els nens i les&hellip;  <a href=\"https:\/\/agora.xtec.cat\/escolaestevebarrachina\/activitats-del-centre\/nadal-a-lescola\/\" title=\"Read NADAL A L&#8217;ESCOLA\">Llegeix m\u00e9s\u00bb<\/a><\/p>\n","protected":false},"author":1,"featured_media":0,"comment_status":"closed","ping_status":"closed","sticky":false,"template":"","format":"standard","meta":{"_bbp_topic_count":0,"_bbp_reply_count":0,"_bbp_total_topic_count":0,"_bbp_total_reply_count":0,"_bbp_voice_count":0,"_bbp_anonymous_reply_count":0,"_bbp_topic_count_hidden":0,"_bbp_reply_count_hidden":0,"_bbp_forum_subforum_count":0,"footnotes":""},"categories":[84],"tags":[],"class_list":["post-33","post","type-post","status-publish","format-standard","hentry","category-activitats-del-centre"],"post_mailing_queue_ids":[],"_links":{"self":[{"href":"https:\/\/agora.xtec.cat\/escolaestevebarrachina\/wp-json\/wp\/v2\/posts\/33","targetHints":{"allow":["GET"]}}],"collection":[{"href":"https:\/\/agora.xtec.cat\/escolaestevebarrachina\/wp-json\/wp\/v2\/posts"}],"about":[{"href":"https:\/\/agora.xtec.cat\/escolaestevebarrachina\/wp-json\/wp\/v2\/types\/post"}],"author":[{"embeddable":true,"href":"https:\/\/agora.xtec.cat\/escolaestevebarrachina\/wp-json\/wp\/v2\/users\/1"}],"replies":[{"embeddable":true,"href":"https:\/\/agora.xtec.cat\/escolaestevebarrachina\/wp-json\/wp\/v2\/comments?post=33"}],"version-history":[{"count":0,"href":"https:\/\/agora.xtec.cat\/escolaestevebarrachina\/wp-json\/wp\/v2\/posts\/33\/revisions"}],"wp:attachment":[{"href":"https:\/\/agora.xtec.cat\/escolaestevebarrachina\/wp-json\/wp\/v2\/media?parent=33"}],"wp:term":[{"taxonomy":"category","embeddable":true,"href":"https:\/\/agora.xtec.cat\/escolaestevebarrachina\/wp-json\/wp\/v2\/categories?post=33"},{"taxonomy":"post_tag","embeddable":true,"href":"https:\/\/agora.xtec.cat\/escolaestevebarrachina\/wp-json\/wp\/v2\/tags?post=33"}],"curies":[{"name":"wp","href":"https:\/\/api.w.org\/{rel}","templated":true}]}}