{"id":3275,"date":"2015-11-13T19:41:21","date_gmt":"2015-11-13T18:41:21","guid":{"rendered":"https:\/\/escolaestevebarrachina.cat\/?p=3275"},"modified":"2015-11-13T19:41:21","modified_gmt":"2015-11-13T18:41:21","slug":"es-constitueix-el-13e-consell-dinfants","status":"publish","type":"post","link":"https:\/\/agora.xtec.cat\/escolaestevebarrachina\/blog\/es-constitueix-el-13e-consell-dinfants\/","title":{"rendered":"Es constitueix el 13\u00e8 Consell d&#8217;Infants"},"content":{"rendered":"<p>Les conselleres i consellers escollits democr\u00e0ticament a les aules han constitu\u00eft el nou \u00f2rgan, davant la pres\u00e8ncia de l&#8217;Alcalde de Sitges, Miquel Forns, i del Regidor d&#8217;Ensenyament, Eduard Carrillo.<\/p>\n<p>Els representants de l&#8217;Escola Esteve Barrachina s\u00f3n:<\/p>\n<p>5\u00e8A Alexis Roses Fontanet<\/p>\n<p>5\u00e8B\u00a0 Josep M\u00aa Palma Ginovart<\/p>\n<p>6\u00e8A\u00a0 Ana Teruel\u00a0 Zambrana<\/p>\n<p>6\u00e8B\u00a0 J\u00falia Mass\u00f3\u00a0 Eroles<\/p>\n<p>&nbsp;<\/p>\n<p><span style=\"color: #2672ec;\">\u00a0<\/span><\/p>\n","protected":false},"excerpt":{"rendered":"<p>Les conselleres i consellers escollits democr\u00e0ticament a les aules han constitu\u00eft el nou \u00f2rgan, davant la pres\u00e8ncia de l&#8217;Alcalde de Sitges, Miquel Forns, i del Regidor d&#8217;Ensenyament, Eduard Carrillo.<br \/>\nEls representants de l&#8217;Escola Esteve Barrachina s\u00f3n:<br \/>\n5\u00e8A Alexis Roses Fontanet<br \/>\n5\u00e8B\u00a0 Josep M\u00aa Palma Ginovart<br \/>\n6\u00e8A\u00a0 Ana Teruel\u00a0 Zambrana<br \/>\n6\u00e8B\u00a0&hellip;  <a href=\"https:\/\/agora.xtec.cat\/escolaestevebarrachina\/blog\/es-constitueix-el-13e-consell-dinfants\/\" title=\"Read Es constitueix el 13\u00e8 Consell d&#8217;Infants\">Llegeix m\u00e9s\u00bb<\/a><\/p>\n","protected":false},"author":1,"featured_media":3276,"comment_status":"open","ping_status":"open","sticky":false,"template":"","format":"standard","meta":{"_bbp_topic_count":0,"_bbp_reply_count":0,"_bbp_total_topic_count":0,"_bbp_total_reply_count":0,"_bbp_voice_count":0,"_bbp_anonymous_reply_count":0,"_bbp_topic_count_hidden":0,"_bbp_reply_count_hidden":0,"_bbp_forum_subforum_count":0,"footnotes":""},"categories":[86],"tags":[135],"class_list":["post-3275","post","type-post","status-publish","format-standard","has-post-thumbnail","hentry","category-blog","tag-consell-dinfants"],"post_mailing_queue_ids":[],"_links":{"self":[{"href":"https:\/\/agora.xtec.cat\/escolaestevebarrachina\/wp-json\/wp\/v2\/posts\/3275","targetHints":{"allow":["GET"]}}],"collection":[{"href":"https:\/\/agora.xtec.cat\/escolaestevebarrachina\/wp-json\/wp\/v2\/posts"}],"about":[{"href":"https:\/\/agora.xtec.cat\/escolaestevebarrachina\/wp-json\/wp\/v2\/types\/post"}],"author":[{"embeddable":true,"href":"https:\/\/agora.xtec.cat\/escolaestevebarrachina\/wp-json\/wp\/v2\/users\/1"}],"replies":[{"embeddable":true,"href":"https:\/\/agora.xtec.cat\/escolaestevebarrachina\/wp-json\/wp\/v2\/comments?post=3275"}],"version-history":[{"count":0,"href":"https:\/\/agora.xtec.cat\/escolaestevebarrachina\/wp-json\/wp\/v2\/posts\/3275\/revisions"}],"wp:featuredmedia":[{"embeddable":true,"href":"https:\/\/agora.xtec.cat\/escolaestevebarrachina\/wp-json\/"}],"wp:attachment":[{"href":"https:\/\/agora.xtec.cat\/escolaestevebarrachina\/wp-json\/wp\/v2\/media?parent=3275"}],"wp:term":[{"taxonomy":"category","embeddable":true,"href":"https:\/\/agora.xtec.cat\/escolaestevebarrachina\/wp-json\/wp\/v2\/categories?post=3275"},{"taxonomy":"post_tag","embeddable":true,"href":"https:\/\/agora.xtec.cat\/escolaestevebarrachina\/wp-json\/wp\/v2\/tags?post=3275"}],"curies":[{"name":"wp","href":"https:\/\/api.w.org\/{rel}","templated":true}]}}