{"id":3265,"date":"2015-11-09T19:39:57","date_gmt":"2015-11-09T18:39:57","guid":{"rendered":"https:\/\/escolaestevebarrachina.cat\/?p=3265"},"modified":"2015-11-09T19:39:57","modified_gmt":"2015-11-09T18:39:57","slug":"aquesta-quinzena-escoltem-cecilia-simon-and-garfunfel","status":"publish","type":"post","link":"https:\/\/agora.xtec.cat\/escolaestevebarrachina\/blog\/aquesta-quinzena-escoltem-cecilia-simon-and-garfunfel\/","title":{"rendered":"Aquesta quinzena escoltem&#8230;&#8221;Cecilia&#8221; (Simon and Garfunfel)"},"content":{"rendered":"<p>Coincidint amb la Festa de la M\u00fasica (Santa Cec\u00edlia) que celebrarem a l\u2019escola el proper 20 de novembre, aquest quinzena escoltarem un dels \u00e8xits de Simon and Garfunkel: \u201cCecilia\u201d.<\/p>\n<p>&nbsp;<\/p>\n<p><strong>Simon and Garfunkel<\/strong>\u00a0va ser un duet de m\u00fasica\u00a0<em>folk rock<\/em>\u00a0format per\u00a0<a href=\"https:\/\/ca.wikipedia.org\/wiki\/Paul_Simon\">Paul Simon<\/a>\u00a0i <a href=\"https:\/\/ca.wikipedia.org\/wiki\/Art_Garfunkel\">Art Garfunkel<\/a>, molt populars els anys 60. Algunes de les seves alters can\u00e7ons m\u00e9s conegudes s\u00f3n\u00a0<em>The Sound of Silence<\/em>\u00a0(El so del silenci),\u00a0<em>Mrs. Robinson<\/em>\u00a0(Senyora Robinson), i\u00a0<em>Bridge Over Troubled Water<\/em>\u00a0(Pont sobre aig\u00fces turbulents). A m\u00e9s a m\u00e9s, han rebut uns quants premis Grammy i s\u00f3n al &#8220;Rock and Roll Hall of Fame&#8221;. El\u00a0<a href=\"https:\/\/ca.wikipedia.org\/wiki\/2004\">2004<\/a>, la revista\u00a0<em><a href=\"https:\/\/ca.wikipedia.org\/wiki\/Rolling_Stone\">Rolling Stone<\/a><\/em>\u00a0classificava Simon and Garfunkel al n\u00fam. 40 de la seva llista\u00a0<em>100 Greatest Artists of All Time<\/em>\u00a0(Els 100 artistes m\u00e9s grans de tots el temps).<\/p>\n<p>&nbsp;<\/p>\n<p><iframe loading=\"lazy\" title=\"Simon &amp; Garfunkel - Cecilia\" width=\"500\" height=\"375\" src=\"https:\/\/www.youtube.com\/embed\/a5_QV97eYqM?feature=oembed\" frameborder=\"0\" allow=\"accelerometer; autoplay; clipboard-write; encrypted-media; gyroscope; picture-in-picture; web-share\" referrerpolicy=\"strict-origin-when-cross-origin\" allowfullscreen><\/iframe><\/p>\n","protected":false},"excerpt":{"rendered":"<p>Coincidint amb la Festa de la M\u00fasica (Santa Cec\u00edlia) que celebrarem a l\u2019escola el proper 20 de novembre, aquest quinzena escoltarem un dels \u00e8xits de Simon and Garfunkel: \u201cCecilia\u201d.<br \/>\n&nbsp;<br \/>\nSimon and Garfunkel\u00a0va ser un duet de m\u00fasica\u00a0folk rock\u00a0format per\u00a0<a href=\"https:\/\/ca.wikipedia.org\/wiki\/Paul_Simon\">Paul Simon<\/a>\u00a0i <a href=\"https:\/\/ca.wikipedia.org\/wiki\/Art_Garfunkel\">Art Garfunkel<\/a>, molt populars&hellip;  <a href=\"https:\/\/agora.xtec.cat\/escolaestevebarrachina\/blog\/aquesta-quinzena-escoltem-cecilia-simon-and-garfunfel\/\" title=\"Read Aquesta quinzena escoltem&#8230;&#8221;Cecilia&#8221; (Simon and Garfunfel)\">Llegeix m\u00e9s\u00bb<\/a><\/p>\n","protected":false},"author":1,"featured_media":3266,"comment_status":"open","ping_status":"open","sticky":false,"template":"","format":"standard","meta":{"_bbp_topic_count":0,"_bbp_reply_count":0,"_bbp_total_topic_count":0,"_bbp_total_reply_count":0,"_bbp_voice_count":0,"_bbp_anonymous_reply_count":0,"_bbp_topic_count_hidden":0,"_bbp_reply_count_hidden":0,"_bbp_forum_subforum_count":0,"footnotes":""},"categories":[86],"tags":[120],"class_list":["post-3265","post","type-post","status-publish","format-standard","has-post-thumbnail","hentry","category-blog","tag-aquesta-quinzena-escoltem"],"post_mailing_queue_ids":[],"_links":{"self":[{"href":"https:\/\/agora.xtec.cat\/escolaestevebarrachina\/wp-json\/wp\/v2\/posts\/3265","targetHints":{"allow":["GET"]}}],"collection":[{"href":"https:\/\/agora.xtec.cat\/escolaestevebarrachina\/wp-json\/wp\/v2\/posts"}],"about":[{"href":"https:\/\/agora.xtec.cat\/escolaestevebarrachina\/wp-json\/wp\/v2\/types\/post"}],"author":[{"embeddable":true,"href":"https:\/\/agora.xtec.cat\/escolaestevebarrachina\/wp-json\/wp\/v2\/users\/1"}],"replies":[{"embeddable":true,"href":"https:\/\/agora.xtec.cat\/escolaestevebarrachina\/wp-json\/wp\/v2\/comments?post=3265"}],"version-history":[{"count":0,"href":"https:\/\/agora.xtec.cat\/escolaestevebarrachina\/wp-json\/wp\/v2\/posts\/3265\/revisions"}],"wp:featuredmedia":[{"embeddable":true,"href":"https:\/\/agora.xtec.cat\/escolaestevebarrachina\/wp-json\/"}],"wp:attachment":[{"href":"https:\/\/agora.xtec.cat\/escolaestevebarrachina\/wp-json\/wp\/v2\/media?parent=3265"}],"wp:term":[{"taxonomy":"category","embeddable":true,"href":"https:\/\/agora.xtec.cat\/escolaestevebarrachina\/wp-json\/wp\/v2\/categories?post=3265"},{"taxonomy":"post_tag","embeddable":true,"href":"https:\/\/agora.xtec.cat\/escolaestevebarrachina\/wp-json\/wp\/v2\/tags?post=3265"}],"curies":[{"name":"wp","href":"https:\/\/api.w.org\/{rel}","templated":true}]}}