{"id":3256,"date":"2015-11-07T17:46:16","date_gmt":"2015-11-07T16:46:16","guid":{"rendered":"https:\/\/escolaestevebarrachina.cat\/?p=3256"},"modified":"2015-11-07T17:46:16","modified_gmt":"2015-11-07T16:46:16","slug":"comencem-el-tercer-any-del-lecxit","status":"publish","type":"post","link":"https:\/\/agora.xtec.cat\/escolaestevebarrachina\/blog\/comencem-el-tercer-any-del-lecxit\/","title":{"rendered":"Comencem el tercer any del &#8220;Lecxit&#8221;"},"content":{"rendered":"<p>LECXIT \u00e9s un programa que t\u00e9 per objectiu incrementar l&#8217;\u00e8xit educatiu dels infants a trav\u00e9s del treball per la millora de la seva comprensi\u00f3 lectora. La clau de LECXIT est\u00e0 en fer que el nen descobreixi el gust per la lectura, tot treballant de forma l\u00fadica i amena gr\u00e0cies al voluntariat que participa en el programa Hi ha un voluntari\/a per a cada nen\/a, que l&#8217;acompanya i comparteix interessos lectors, fent que s&#8217;estableixin vincles afectius entre ambd\u00f3s.<\/p>\n<p>Aquest \u00e9s el tercer any del programa. Dijous varem tenir el nostre primer contacte entre voluntaris i alumnat.\u00a0 Per comen\u00e7ar i trencar el gel, durant la sessi\u00f3 es va realitzar una din\u00e0mica de joc de presentaci\u00f3, molt engrescadora: \u201cLa teranyina\u201d. Amb un simple cabdell de llana es va formar visualment una teranyina, s\u00edmbol d&#8217;uni\u00f3 i de complicitat.<\/p>\n<p>&nbsp;<\/p>\n<p><a href=\"https:\/\/escolaestevebarrachina.cat\/wp-content\/uploads\/2015\/11\/PicMonkey-Collage.jpg\"><img loading=\"lazy\" decoding=\"async\" class=\"alignnone size-full wp-image-3257\" src=\"https:\/\/escolaestevebarrachina.cat\/wp-content\/uploads\/2015\/11\/PicMonkey-Collage.jpg\" alt=\"PicMonkey Collage\" width=\"2000\" height=\"2000\" \/><\/a><\/p>\n","protected":false},"excerpt":{"rendered":"<p>LECXIT \u00e9s un programa que t\u00e9 per objectiu incrementar l&#8217;\u00e8xit educatiu dels infants a trav\u00e9s del treball per la millora de la seva comprensi\u00f3 lectora. La clau de LECXIT est\u00e0 en fer que el nen descobreixi el gust per la lectura, tot treballant de forma&hellip;  <a href=\"https:\/\/agora.xtec.cat\/escolaestevebarrachina\/blog\/comencem-el-tercer-any-del-lecxit\/\" title=\"Read Comencem el tercer any del &#8220;Lecxit&#8221;\">Llegeix m\u00e9s\u00bb<\/a><\/p>\n","protected":false},"author":1,"featured_media":3258,"comment_status":"open","ping_status":"open","sticky":false,"template":"","format":"standard","meta":{"_bbp_topic_count":0,"_bbp_reply_count":0,"_bbp_total_topic_count":0,"_bbp_total_reply_count":0,"_bbp_voice_count":0,"_bbp_anonymous_reply_count":0,"_bbp_topic_count_hidden":0,"_bbp_reply_count_hidden":0,"_bbp_forum_subforum_count":0,"footnotes":""},"categories":[86],"tags":[],"class_list":["post-3256","post","type-post","status-publish","format-standard","has-post-thumbnail","hentry","category-blog"],"post_mailing_queue_ids":[],"_links":{"self":[{"href":"https:\/\/agora.xtec.cat\/escolaestevebarrachina\/wp-json\/wp\/v2\/posts\/3256","targetHints":{"allow":["GET"]}}],"collection":[{"href":"https:\/\/agora.xtec.cat\/escolaestevebarrachina\/wp-json\/wp\/v2\/posts"}],"about":[{"href":"https:\/\/agora.xtec.cat\/escolaestevebarrachina\/wp-json\/wp\/v2\/types\/post"}],"author":[{"embeddable":true,"href":"https:\/\/agora.xtec.cat\/escolaestevebarrachina\/wp-json\/wp\/v2\/users\/1"}],"replies":[{"embeddable":true,"href":"https:\/\/agora.xtec.cat\/escolaestevebarrachina\/wp-json\/wp\/v2\/comments?post=3256"}],"version-history":[{"count":0,"href":"https:\/\/agora.xtec.cat\/escolaestevebarrachina\/wp-json\/wp\/v2\/posts\/3256\/revisions"}],"wp:featuredmedia":[{"embeddable":true,"href":"https:\/\/agora.xtec.cat\/escolaestevebarrachina\/wp-json\/"}],"wp:attachment":[{"href":"https:\/\/agora.xtec.cat\/escolaestevebarrachina\/wp-json\/wp\/v2\/media?parent=3256"}],"wp:term":[{"taxonomy":"category","embeddable":true,"href":"https:\/\/agora.xtec.cat\/escolaestevebarrachina\/wp-json\/wp\/v2\/categories?post=3256"},{"taxonomy":"post_tag","embeddable":true,"href":"https:\/\/agora.xtec.cat\/escolaestevebarrachina\/wp-json\/wp\/v2\/tags?post=3256"}],"curies":[{"name":"wp","href":"https:\/\/api.w.org\/{rel}","templated":true}]}}