{"id":3228,"date":"2015-10-31T19:43:42","date_gmt":"2015-10-31T18:43:42","guid":{"rendered":"https:\/\/escolaestevebarrachina.cat\/?p=3228"},"modified":"2015-10-31T19:43:42","modified_gmt":"2015-10-31T18:43:42","slug":"estem-a-la-tardor","status":"publish","type":"post","link":"https:\/\/agora.xtec.cat\/escolaestevebarrachina\/escola-estebe-barrachina\/estem-a-la-tardor\/","title":{"rendered":"Estem a la tardor"},"content":{"rendered":"<p>Amb l&#8217;arribada de la tardor tot s\u00f3n preparatius per celebrar la Festa de la Castanyada. Nom\u00e9s entrar a l&#8217;escola t&#8217; adones que \u00e9s \u00e8poca de tardor: el fred ha comen\u00e7at a fer caure les fulles dels arbres, tot es torna de color marr\u00f3 i amb l&#8217;olor de les castanyes ratolins i musaranyes surten dels seus caus.<\/p>\n<p><a href=\"https:\/\/escolaestevebarrachina.cat\/wp-content\/uploads\/2015\/10\/PicMonkey-Collage.jpg\"><img loading=\"lazy\" decoding=\"async\" class=\"alignnone size-medium wp-image-3230\" src=\"https:\/\/escolaestevebarrachina.cat\/wp-content\/uploads\/2015\/10\/PicMonkey-Collage-300x150.jpg\" alt=\"PicMonkey Collage\" width=\"300\" height=\"150\" \/><\/a><\/p>\n<p>L&#8217;\u00f2liba est\u00e0 a l&#8217;aguait, amatent per si algun ratol\u00ed despistat caigu\u00e9s en el seu parany.<\/p>\n<p><a href=\"https:\/\/escolaestevebarrachina.cat\/wp-content\/uploads\/2015\/10\/OLIVA.jpg\"><img loading=\"lazy\" decoding=\"async\" class=\"alignnone size-medium wp-image-3232\" src=\"https:\/\/escolaestevebarrachina.cat\/wp-content\/uploads\/2015\/10\/OLIVA-234x300.jpg\" alt=\"OLIVA\" width=\"234\" height=\"300\" \/><\/a><\/p>\n","protected":false},"excerpt":{"rendered":"<p>Amb l&#8217;arribada de la tardor tot s\u00f3n preparatius per celebrar la Festa de la Castanyada. Nom\u00e9s entrar a l&#8217;escola t&#8217; adones que \u00e9s \u00e8poca de tardor: el fred ha comen\u00e7at a fer caure les fulles dels arbres, tot es torna de color marr\u00f3 i amb&hellip;  <a href=\"https:\/\/agora.xtec.cat\/escolaestevebarrachina\/escola-estebe-barrachina\/estem-a-la-tardor\/\" title=\"Read Estem a la tardor\">Llegeix m\u00e9s\u00bb<\/a><\/p>\n","protected":false},"author":1,"featured_media":3218,"comment_status":"open","ping_status":"open","sticky":false,"template":"","format":"standard","meta":{"_bbp_topic_count":0,"_bbp_reply_count":0,"_bbp_total_topic_count":0,"_bbp_total_reply_count":0,"_bbp_voice_count":0,"_bbp_anonymous_reply_count":0,"_bbp_topic_count_hidden":0,"_bbp_reply_count_hidden":0,"_bbp_forum_subforum_count":0,"footnotes":""},"categories":[86,85],"tags":[],"class_list":["post-3228","post","type-post","status-publish","format-standard","has-post-thumbnail","hentry","category-blog","category-escola-estebe-barrachina"],"post_mailing_queue_ids":[],"_links":{"self":[{"href":"https:\/\/agora.xtec.cat\/escolaestevebarrachina\/wp-json\/wp\/v2\/posts\/3228","targetHints":{"allow":["GET"]}}],"collection":[{"href":"https:\/\/agora.xtec.cat\/escolaestevebarrachina\/wp-json\/wp\/v2\/posts"}],"about":[{"href":"https:\/\/agora.xtec.cat\/escolaestevebarrachina\/wp-json\/wp\/v2\/types\/post"}],"author":[{"embeddable":true,"href":"https:\/\/agora.xtec.cat\/escolaestevebarrachina\/wp-json\/wp\/v2\/users\/1"}],"replies":[{"embeddable":true,"href":"https:\/\/agora.xtec.cat\/escolaestevebarrachina\/wp-json\/wp\/v2\/comments?post=3228"}],"version-history":[{"count":0,"href":"https:\/\/agora.xtec.cat\/escolaestevebarrachina\/wp-json\/wp\/v2\/posts\/3228\/revisions"}],"wp:featuredmedia":[{"embeddable":true,"href":"https:\/\/agora.xtec.cat\/escolaestevebarrachina\/wp-json\/"}],"wp:attachment":[{"href":"https:\/\/agora.xtec.cat\/escolaestevebarrachina\/wp-json\/wp\/v2\/media?parent=3228"}],"wp:term":[{"taxonomy":"category","embeddable":true,"href":"https:\/\/agora.xtec.cat\/escolaestevebarrachina\/wp-json\/wp\/v2\/categories?post=3228"},{"taxonomy":"post_tag","embeddable":true,"href":"https:\/\/agora.xtec.cat\/escolaestevebarrachina\/wp-json\/wp\/v2\/tags?post=3228"}],"curies":[{"name":"wp","href":"https:\/\/api.w.org\/{rel}","templated":true}]}}