{"id":3207,"date":"2015-10-23T17:16:30","date_gmt":"2015-10-23T15:16:30","guid":{"rendered":"https:\/\/escolaestevebarrachina.cat\/?p=3207"},"modified":"2015-10-23T17:16:30","modified_gmt":"2015-10-23T15:16:30","slug":"aquesta-quinzena-escoltem-3","status":"publish","type":"post","link":"https:\/\/agora.xtec.cat\/escolaestevebarrachina\/blog\/aquesta-quinzena-escoltem-3\/","title":{"rendered":"Aquesta quinzena escoltem\u2026"},"content":{"rendered":"<p>&nbsp;<\/p>\n<p style=\"line-height: 16.8pt; background: white; margin: 6.0pt 0cm 6.0pt 0cm;\">Aquesta quinzena escoltarem \u201c<em>Like a Rolling Stone<\/em>\u201d de Bob Dylan.<\/p>\n<p>Bob Dylan \u00e9s un compositor i\u00a0<a href=\"https:\/\/ca.wikipedia.org\/wiki\/Cantant\">cantant<\/a>\u00a0originari d\u2019Estats Units considerat un dels\u00a0<a href=\"https:\/\/ca.wikipedia.org\/wiki\/M%C3%BAsica\">m\u00fasics<\/a>\u00a0m\u00e9s influents i prol\u00edfics del\u00a0<a href=\"https:\/\/ca.wikipedia.org\/wiki\/Segle_XX\">segle XX<\/a>\u00a0i proposat diverses vegades pel\u00a0<a href=\"https:\/\/ca.wikipedia.org\/wiki\/Premi_Nobel_de_Literatura\">Premi Nobel de Literatura<\/a>.<\/p>\n<p>Dylan ha aportat a la\u00a0<a href=\"https:\/\/ca.wikipedia.org\/wiki\/M%C3%BAsica_rock\">m\u00fasica rock<\/a>\u00a0una dimensi\u00f3 po\u00e8tica m\u00e9s rica i adulta, emprant met\u00e0fores i figures al\u00b7leg\u00f2riques per a descriure el desordre individual i social, a m\u00e9s d&#8217;una inventiva mel\u00f2dica provinent d&#8217;estructures tradicionals com el\u00a0<a href=\"https:\/\/ca.wikipedia.org\/wiki\/Blues\">blues<\/a>, la balada o les can\u00e7ons de treball. Al llarg de la seva carrera ha experimentat amb tota mena de ritmes i formes harm\u00f2niques, cosa que ha enriquit la seva expressi\u00f3 musical i ha influ\u00eft en molts altres int\u00e8rprets i compositors.<\/p>\n<p>&nbsp;<\/p>\n<p style=\"line-height: 16.8pt; background: white; margin: 6.0pt 0cm 6.0pt 0cm;\"><span style=\"font-size: 10.5pt; font-family: Arial; color: #252525;\"><img loading=\"lazy\" decoding=\"async\" class=\"alignnone wp-image-3208 \" src=\"https:\/\/escolaestevebarrachina.cat\/wp-content\/uploads\/2015\/10\/bob-dylan-1024x620.jpg\" alt=\"bob dylan\" width=\"487\" height=\"295\" \/><\/span><\/p>\n","protected":false},"excerpt":{"rendered":"<p>&nbsp;<br \/>\nAquesta quinzena escoltarem \u201cLike a Rolling Stone\u201d de Bob Dylan.<br \/>\nBob Dylan \u00e9s un compositor i\u00a0<a href=\"https:\/\/ca.wikipedia.org\/wiki\/Cantant\">cantant<\/a>\u00a0originari d\u2019Estats Units considerat un dels\u00a0<a href=\"https:\/\/ca.wikipedia.org\/wiki\/M%C3%BAsica\">m\u00fasics<\/a>\u00a0m\u00e9s influents i prol\u00edfics del\u00a0<a href=\"https:\/\/ca.wikipedia.org\/wiki\/Segle_XX\">segle XX<\/a>\u00a0i proposat diverses vegades pel\u00a0<a href=\"https:\/\/ca.wikipedia.org\/wiki\/Premi_Nobel_de_Literatura\">Premi Nobel de Literatura<\/a>.<br \/>\nDylan ha aportat a la\u00a0<a href=\"https:\/\/ca.wikipedia.org\/wiki\/M%C3%BAsica_rock\">m\u00fasica rock<\/a>\u00a0una dimensi\u00f3 po\u00e8tica m\u00e9s&hellip;  <a href=\"https:\/\/agora.xtec.cat\/escolaestevebarrachina\/blog\/aquesta-quinzena-escoltem-3\/\" title=\"Read Aquesta quinzena escoltem\u2026\">Llegeix m\u00e9s\u00bb<\/a><\/p>\n","protected":false},"author":1,"featured_media":3208,"comment_status":"open","ping_status":"open","sticky":false,"template":"","format":"standard","meta":{"_bbp_topic_count":0,"_bbp_reply_count":0,"_bbp_total_topic_count":0,"_bbp_total_reply_count":0,"_bbp_voice_count":0,"_bbp_anonymous_reply_count":0,"_bbp_topic_count_hidden":0,"_bbp_reply_count_hidden":0,"_bbp_forum_subforum_count":0,"footnotes":""},"categories":[86],"tags":[],"class_list":["post-3207","post","type-post","status-publish","format-standard","has-post-thumbnail","hentry","category-blog"],"post_mailing_queue_ids":[],"_links":{"self":[{"href":"https:\/\/agora.xtec.cat\/escolaestevebarrachina\/wp-json\/wp\/v2\/posts\/3207","targetHints":{"allow":["GET"]}}],"collection":[{"href":"https:\/\/agora.xtec.cat\/escolaestevebarrachina\/wp-json\/wp\/v2\/posts"}],"about":[{"href":"https:\/\/agora.xtec.cat\/escolaestevebarrachina\/wp-json\/wp\/v2\/types\/post"}],"author":[{"embeddable":true,"href":"https:\/\/agora.xtec.cat\/escolaestevebarrachina\/wp-json\/wp\/v2\/users\/1"}],"replies":[{"embeddable":true,"href":"https:\/\/agora.xtec.cat\/escolaestevebarrachina\/wp-json\/wp\/v2\/comments?post=3207"}],"version-history":[{"count":0,"href":"https:\/\/agora.xtec.cat\/escolaestevebarrachina\/wp-json\/wp\/v2\/posts\/3207\/revisions"}],"wp:featuredmedia":[{"embeddable":true,"href":"https:\/\/agora.xtec.cat\/escolaestevebarrachina\/wp-json\/"}],"wp:attachment":[{"href":"https:\/\/agora.xtec.cat\/escolaestevebarrachina\/wp-json\/wp\/v2\/media?parent=3207"}],"wp:term":[{"taxonomy":"category","embeddable":true,"href":"https:\/\/agora.xtec.cat\/escolaestevebarrachina\/wp-json\/wp\/v2\/categories?post=3207"},{"taxonomy":"post_tag","embeddable":true,"href":"https:\/\/agora.xtec.cat\/escolaestevebarrachina\/wp-json\/wp\/v2\/tags?post=3207"}],"curies":[{"name":"wp","href":"https:\/\/api.w.org\/{rel}","templated":true}]}}