{"id":3198,"date":"2015-10-18T22:22:14","date_gmt":"2015-10-18T20:22:14","guid":{"rendered":"https:\/\/escolaestevebarrachina.cat\/?p=3198"},"modified":"2015-10-18T22:22:14","modified_gmt":"2015-10-18T20:22:14","slug":"jornada-educativa-per-un-nou-model-educatiu-a-sitges","status":"publish","type":"post","link":"https:\/\/agora.xtec.cat\/escolaestevebarrachina\/activitats-del-centre\/jornada-educativa-per-un-nou-model-educatiu-a-sitges\/","title":{"rendered":"Jornada Educativa &#8220;Per un nou model educatiu a Sitges&#8221;"},"content":{"rendered":"<p>Aquest dissabte, 17 d&#8217;octubre es va celebrar la primera Jornada Educativa a Sitges.<\/p>\n<p>La jornada constava de dues parts:<\/p>\n<p>La primera amb dues pon\u00e8ncies &#8220;Interpretaci\u00f3 de la Llei de Formaci\u00f3 i <span class=\"hiddenSpellError\">Qualificaci\u00f3\u00a0 Professional<\/span>&#8221; a c\u00e0rrec de l&#8217;Inspector de la Conselleria d&#8217;Educaci\u00f3 i especialista en Formaci\u00f3 professional, Sr. Joan Llu\u00eds Espin\u00f3s; i\u00a0 <span class=\"hiddenGrammarError\">&#8220;<\/span>Quin model d&#8217;escola <span class=\"hiddenSpellError\">catalana<\/span> volem?, a c\u00e0rrec del Doctor en ci\u00e8ncies de l&#8217;educaci\u00f3 i director de l&#8217;associaci\u00f3 <span class=\"hiddenSpellError\">Edu21<\/span>, Sr. Enric Roca.<\/p>\n<p>A la segona part totes les escoles de Sitges van presentar les seves experi\u00e8ncies de Bones Pr\u00e0ctiques.<\/p>\n<p>La nostra escola va exposar, amb l&#8217;ajut de docents i d&#8217;alumnes, una petita mostra de les activitats que es realitzen dins la franja hor\u00e0ria dels 30<span class=\"hiddenGrammarError\">&#8216;<\/span> de lectura, del nostre projecte &#8220;Impuls a la Lectura&#8221;, concretament la lectura expressiva.<\/p>\n<p>Us pengem el v\u00eddeo per tal que el pugueu visionar.<\/p>\n<div style=\"top: 0; left: 0; width: 100%; height: 0; position: relative; padding-bottom: 56.25%;\">\t\t\t\t<iframe loading=\"lazy\" title=\"Mi pel\u00edcula\" style=\"width: 100%; height: 100%; position: absolute;\"  src=\"https:\/\/embedr.flickr.com\/photos\/22270700332\" width=\"500\" height=\"375\" frameborder=\"0\" allow=\"autoplay; fullscreen\" allowfullscreen><\/iframe><\/div>\n<p>&nbsp;<\/p>\n","protected":false},"excerpt":{"rendered":"<p>Aquest dissabte, 17 d&#8217;octubre es va celebrar la primera Jornada Educativa a Sitges.<br \/>\nLa jornada constava de dues parts:<br \/>\nLa primera amb dues pon\u00e8ncies &#8220;Interpretaci\u00f3 de la Llei de Formaci\u00f3 i Qualificaci\u00f3\u00a0 Professional&#8221; a c\u00e0rrec de l&#8217;Inspector de la Conselleria d&#8217;Educaci\u00f3 i especialista en Formaci\u00f3 professional, Sr.&hellip;  <a href=\"https:\/\/agora.xtec.cat\/escolaestevebarrachina\/activitats-del-centre\/jornada-educativa-per-un-nou-model-educatiu-a-sitges\/\" title=\"Read Jornada Educativa &#8220;Per un nou model educatiu a Sitges&#8221;\">Llegeix m\u00e9s\u00bb<\/a><\/p>\n","protected":false},"author":1,"featured_media":3196,"comment_status":"open","ping_status":"open","sticky":false,"template":"","format":"standard","meta":{"_bbp_topic_count":0,"_bbp_reply_count":0,"_bbp_total_topic_count":0,"_bbp_total_reply_count":0,"_bbp_voice_count":0,"_bbp_anonymous_reply_count":0,"_bbp_topic_count_hidden":0,"_bbp_reply_count_hidden":0,"_bbp_forum_subforum_count":0,"footnotes":""},"categories":[84,86],"tags":[],"class_list":["post-3198","post","type-post","status-publish","format-standard","has-post-thumbnail","hentry","category-activitats-del-centre","category-blog"],"post_mailing_queue_ids":[],"_links":{"self":[{"href":"https:\/\/agora.xtec.cat\/escolaestevebarrachina\/wp-json\/wp\/v2\/posts\/3198","targetHints":{"allow":["GET"]}}],"collection":[{"href":"https:\/\/agora.xtec.cat\/escolaestevebarrachina\/wp-json\/wp\/v2\/posts"}],"about":[{"href":"https:\/\/agora.xtec.cat\/escolaestevebarrachina\/wp-json\/wp\/v2\/types\/post"}],"author":[{"embeddable":true,"href":"https:\/\/agora.xtec.cat\/escolaestevebarrachina\/wp-json\/wp\/v2\/users\/1"}],"replies":[{"embeddable":true,"href":"https:\/\/agora.xtec.cat\/escolaestevebarrachina\/wp-json\/wp\/v2\/comments?post=3198"}],"version-history":[{"count":0,"href":"https:\/\/agora.xtec.cat\/escolaestevebarrachina\/wp-json\/wp\/v2\/posts\/3198\/revisions"}],"wp:featuredmedia":[{"embeddable":true,"href":"https:\/\/agora.xtec.cat\/escolaestevebarrachina\/wp-json\/"}],"wp:attachment":[{"href":"https:\/\/agora.xtec.cat\/escolaestevebarrachina\/wp-json\/wp\/v2\/media?parent=3198"}],"wp:term":[{"taxonomy":"category","embeddable":true,"href":"https:\/\/agora.xtec.cat\/escolaestevebarrachina\/wp-json\/wp\/v2\/categories?post=3198"},{"taxonomy":"post_tag","embeddable":true,"href":"https:\/\/agora.xtec.cat\/escolaestevebarrachina\/wp-json\/wp\/v2\/tags?post=3198"}],"curies":[{"name":"wp","href":"https:\/\/api.w.org\/{rel}","templated":true}]}}