{"id":3179,"date":"2015-10-12T23:55:02","date_gmt":"2015-10-12T21:55:02","guid":{"rendered":"https:\/\/escolaestevebarrachina.cat\/?p=3179"},"modified":"2015-10-12T23:55:02","modified_gmt":"2015-10-12T21:55:02","slug":"aquesta-quinzena-escoltem-2","status":"publish","type":"post","link":"https:\/\/agora.xtec.cat\/escolaestevebarrachina\/blog\/aquesta-quinzena-escoltem-2\/","title":{"rendered":"Aquesta quinzena escoltem&#8230;"},"content":{"rendered":"<p>Seguint amb la m\u00fasica dels anys seixanta, aquesta quinzena escoltarem<strong> &#8220;I say a little prayer (for you)&#8221;<\/strong>\u00a0 escrita per Burt Bacharach i popularitzada per\u00a0<a href=\"https:\/\/es.wikipedia.org\/wiki\/Aretha_Franklin\">Aretha Franklin<\/a>.<\/p>\n<p>&nbsp;<\/p>\n<p><strong>Aretha Franklin<\/strong> (1942, Estats Units) \u00e9s una cantant afroamericana especialitzada en els estils\u00a0<a href=\"https:\/\/ca.wikipedia.org\/wiki\/Gospel\">gospel<\/a>\u00a0i <a href=\"https:\/\/ca.wikipedia.org\/wiki\/Soul\">soul<\/a>, coneguda com &#8220;La Reina del Soul&#8221;.<\/p>\n<p>Filla d&#8217;un popular predicador baptista, als catorze anys ja cantava a l&#8217;esgl\u00e9sia amb les seves germanes, moment en qu\u00e8 va con\u00e8ixer i rebre influ\u00e8ncies de les estrelles del gospel\u00a0d\u2019aquells temps. La seva carrera s\u2019inici\u00e0, doncs, en aquest estil \u00a0per\u00f2 m\u00e9s endavant en prov\u00e0 d\u2019altres com el soul i el R&amp;B (rhythm and blues)<\/p>\n<p>La seva carrera musical va continuar amb material original i versions d&#8217;altres compositors, I avui en dia segueix en actiu a l\u2019edat de 73 anys.<\/p>\n","protected":false},"excerpt":{"rendered":"<p>Seguint amb la m\u00fasica dels anys seixanta, aquesta quinzena escoltarem &#8220;I say a little prayer (for you)&#8221;\u00a0 escrita per Burt Bacharach i popularitzada per\u00a0<a href=\"https:\/\/es.wikipedia.org\/wiki\/Aretha_Franklin\">Aretha Franklin<\/a>.<br \/>\n&nbsp;<br \/>\nAretha Franklin (1942, Estats Units) \u00e9s una cantant afroamericana especialitzada en els estils\u00a0<a href=\"https:\/\/ca.wikipedia.org\/wiki\/Gospel\">gospel<\/a>\u00a0i <a href=\"https:\/\/ca.wikipedia.org\/wiki\/Soul\">soul<\/a>, coneguda com &#8220;La Reina&hellip;  <a href=\"https:\/\/agora.xtec.cat\/escolaestevebarrachina\/blog\/aquesta-quinzena-escoltem-2\/\" title=\"Read Aquesta quinzena escoltem&#8230;\">Llegeix m\u00e9s\u00bb<\/a><\/p>\n","protected":false},"author":1,"featured_media":3178,"comment_status":"open","ping_status":"open","sticky":false,"template":"","format":"standard","meta":{"_bbp_topic_count":0,"_bbp_reply_count":0,"_bbp_total_topic_count":0,"_bbp_total_reply_count":0,"_bbp_voice_count":0,"_bbp_anonymous_reply_count":0,"_bbp_topic_count_hidden":0,"_bbp_reply_count_hidden":0,"_bbp_forum_subforum_count":0,"footnotes":""},"categories":[86],"tags":[120],"class_list":["post-3179","post","type-post","status-publish","format-standard","has-post-thumbnail","hentry","category-blog","tag-aquesta-quinzena-escoltem"],"post_mailing_queue_ids":[],"_links":{"self":[{"href":"https:\/\/agora.xtec.cat\/escolaestevebarrachina\/wp-json\/wp\/v2\/posts\/3179","targetHints":{"allow":["GET"]}}],"collection":[{"href":"https:\/\/agora.xtec.cat\/escolaestevebarrachina\/wp-json\/wp\/v2\/posts"}],"about":[{"href":"https:\/\/agora.xtec.cat\/escolaestevebarrachina\/wp-json\/wp\/v2\/types\/post"}],"author":[{"embeddable":true,"href":"https:\/\/agora.xtec.cat\/escolaestevebarrachina\/wp-json\/wp\/v2\/users\/1"}],"replies":[{"embeddable":true,"href":"https:\/\/agora.xtec.cat\/escolaestevebarrachina\/wp-json\/wp\/v2\/comments?post=3179"}],"version-history":[{"count":0,"href":"https:\/\/agora.xtec.cat\/escolaestevebarrachina\/wp-json\/wp\/v2\/posts\/3179\/revisions"}],"wp:featuredmedia":[{"embeddable":true,"href":"https:\/\/agora.xtec.cat\/escolaestevebarrachina\/wp-json\/"}],"wp:attachment":[{"href":"https:\/\/agora.xtec.cat\/escolaestevebarrachina\/wp-json\/wp\/v2\/media?parent=3179"}],"wp:term":[{"taxonomy":"category","embeddable":true,"href":"https:\/\/agora.xtec.cat\/escolaestevebarrachina\/wp-json\/wp\/v2\/categories?post=3179"},{"taxonomy":"post_tag","embeddable":true,"href":"https:\/\/agora.xtec.cat\/escolaestevebarrachina\/wp-json\/wp\/v2\/tags?post=3179"}],"curies":[{"name":"wp","href":"https:\/\/api.w.org\/{rel}","templated":true}]}}