{"id":3171,"date":"2015-10-12T23:35:49","date_gmt":"2015-10-12T21:35:49","guid":{"rendered":"https:\/\/escolaestevebarrachina.cat\/?p=3171"},"modified":"2015-10-12T23:35:49","modified_gmt":"2015-10-12T21:35:49","slug":"jornada-educativa","status":"publish","type":"post","link":"https:\/\/agora.xtec.cat\/escolaestevebarrachina\/blog\/jornada-educativa\/","title":{"rendered":"Jornada Educativa"},"content":{"rendered":"<p><strong>17 d&#8217;octubre de 2015<\/strong><\/p>\n<p><strong>Institut Joan Ramon Benapr\u00e8s<\/strong><\/p>\n<p>Cam\u00ed de la Fita, s\/n<\/p>\n<p>Jornada adre\u00e7ada a tots els alumnes, professionals i pares i mares de Sitges<\/p>\n<p><strong>PROGRAMACI\u00d3<\/strong><\/p>\n<p><strong>09.00h<\/strong> &#8211; Rebuda dels Participants<\/p>\n<p><strong>09.15h<\/strong> &#8211; Benvinguda i presentaci\u00f3<\/p>\n<p>A c\u00e0rrec del regidor de Recursos Humans, Ensenyament, Joventut i Ocupaci\u00f3, Eduard Carrillo.<\/p>\n<p><strong>09.30h<\/strong> &#8211; Interpretaci\u00f3 de la Llei de Formaci\u00f3 i Qualificaci\u00f3 Professional<\/p>\n<p>A c\u00e0rrec de l&#8217;inspector de la Conselleria d&#8217;Educaci\u00f3 i especialista en Formaci\u00f3 Professional, Joan Llu\u00eds Espin\u00f3s. Moderat pel director de l&#8217;Institut Joan Ramon Benapr\u00e8s, Samuel Valls.<\/p>\n<p><strong>10.15h<\/strong> &#8211; Quin model d&#8217;escola p\u00fablica catalana volem?<\/p>\n<p>Xerrada a c\u00e0rrec del director de l&#8217;associaci\u00f3 Edu 21, Enric Roca. Moderat per la directora de l&#8217;Escola Esteve Barrachina, Neus Ca\u00f1elles.<\/p>\n<p><strong>11.00h<\/strong> &#8211; Bon dia<\/p>\n<p>Acte realitzat per les educadores i infants de la Llar d&#8217;Infants Municipal La Moixiganga.<\/p>\n<p><strong>11.00h<\/strong> &#8211; \u2018Show Cooking&#8217;<\/p>\n<p>Presentat pels alumnes dels cicles de formaci\u00f3 de Pastisseria i Cuina de l&#8217;Institut Joan Ramon Benapr\u00e8s.<\/p>\n<p>Pausa caf\u00e8.<\/p>\n<p><strong>11.00h<\/strong> &#8211; Vine a jugar amb nosaltres<\/p>\n<p>Rac\u00f3 d&#8217;experimentaci\u00f3 per a infants de 0 a 3 anys, a c\u00e0rrec de les educadores i infants de les llars d&#8217;infants municipals El Cercolet i La Moixiganga.<\/p>\n<p><strong>11.30h<\/strong> &#8211; Primera Taula de Bones Pr\u00e0ctiques<\/p>\n<p>Moderada per la directora de l&#8217;Institut Vinyet, Montse Piqu\u00e9.<\/p>\n<p>\u00b7 Impuls de la lectura<\/p>\n<p>Experi\u00e8ncia de l&#8217;Escola Esteve Barrachina.<\/p>\n<p>\u00b7 La tablet com a eina educativa. El tutorial<\/p>\n<p>Experi\u00e8ncia de l&#8217;Escola Miquel Utrillo.<\/p>\n<p>\u00b7 How do we study science at school<\/p>\n<p>Experi\u00e8ncia de l&#8217;Escola Maria Oss\u00f3.<\/p>\n<p>\u00b7 El protagonista<\/p>\n<p>Experi\u00e8ncia de l&#8217;Escola Agn\u00e8s de Sitges.<\/p>\n<p><strong>12.30h<\/strong> &#8211; Segona Taula de Bones Pr\u00e0ctiques<\/p>\n<p>Moderada per la directora de l&#8217;Escola Maria Oss\u00f3, Ana Muntan\u00e9.<\/p>\n<p>\u00b7 Tu tamb\u00e9 ho pots fer!<\/p>\n<p>Experi\u00e8ncia del Centre de Formaci\u00f3 d&#8217;Adults.<\/p>\n<p>\u00b7 Voluntariat per la llengua: parlem en Catal\u00e0 tu i jo<\/p>\n<p>Experi\u00e8ncia de l&#8217;Oficina de Catal\u00e0 (CNL).<\/p>\n<p><strong>13.00h<\/strong> &#8211; Tercera Taula de Bones Pr\u00e0ctiques<\/p>\n<p>Moderada per la directora de l&#8217;Escola Agn\u00e8s de Sitges, Vinyet Llamas.<\/p>\n<p>\u00b7 Mediaci\u00f3 entre alumnes<\/p>\n<p>Experi\u00e8ncia de l&#8217;Institut Vinyet.<\/p>\n<p>\u00b7 L&#8217;acci\u00f3 social a l&#8217;escola i des de l&#8217;escola<\/p>\n<p>Experi\u00e8ncia de l&#8217;Escola Pia de Sitges.<\/p>\n<p><strong>14.00h<\/strong> &#8211; Taller \u2018Compartim la m\u00fasica&#8217;<\/p>\n<p>A c\u00e0rrec dels professors de l&#8217;Escola de M\u00fasica Montserrat Almirall de Sitges.<\/p>\n<p><strong>14.30h<\/strong> &#8211; Cloenda de la jornada<\/p>\n<p>A c\u00e0rrec del Batlle de Sitges, Miquel Forns. Aperitiu mediterrani a c\u00e0rrec dels alumnes de l&#8217;Institut Joan Ramon Benapr\u00e8s.<\/p>\n<p>Tot el mat\u00ed &#8211; Estand municipal<\/p>\n<p><strong><em>Informa&#8217;t, forma&#8217;t i ocupa&#8217;t<\/em><\/strong><\/p>\n<p><strong>INSCRIU-TE!!!<\/strong><\/p>\n<ul>\n<li>Inscripci\u00f3 &#8220;on line&#8221; a www.sitges.cat\/ensenyament<\/li>\n<li>Inscripci\u00f3 per tel\u00e8fon al 93 8114255<\/li>\n<li>Inscripci\u00f3 per correu electr\u00f2nic a educaci\u00f3@sitges.cat<\/li>\n<\/ul>\n","protected":false},"excerpt":{"rendered":"<p>17 d&#8217;octubre de 2015<br \/>\nInstitut Joan Ramon Benapr\u00e8s<br \/>\nCam\u00ed de la Fita, s\/n<br \/>\nJornada adre\u00e7ada a tots els alumnes, professionals i pares i mares de Sitges<br \/>\nPROGRAMACI\u00d3<br \/>\n09.00h &#8211; Rebuda dels Participants<br \/>\n09.15h &#8211; Benvinguda i presentaci\u00f3<br \/>\nA c\u00e0rrec del regidor de Recursos Humans, Ensenyament, Joventut i Ocupaci\u00f3, Eduard Carrillo.<br \/>\n09.30h &#8211; Interpretaci\u00f3&hellip;  <a href=\"https:\/\/agora.xtec.cat\/escolaestevebarrachina\/blog\/jornada-educativa\/\" title=\"Read Jornada Educativa\">Llegeix m\u00e9s\u00bb<\/a><\/p>\n","protected":false},"author":1,"featured_media":3184,"comment_status":"open","ping_status":"open","sticky":false,"template":"","format":"standard","meta":{"_bbp_topic_count":0,"_bbp_reply_count":0,"_bbp_total_topic_count":0,"_bbp_total_reply_count":0,"_bbp_voice_count":0,"_bbp_anonymous_reply_count":0,"_bbp_topic_count_hidden":0,"_bbp_reply_count_hidden":0,"_bbp_forum_subforum_count":0,"footnotes":""},"categories":[86],"tags":[],"class_list":["post-3171","post","type-post","status-publish","format-standard","has-post-thumbnail","hentry","category-blog"],"post_mailing_queue_ids":[],"_links":{"self":[{"href":"https:\/\/agora.xtec.cat\/escolaestevebarrachina\/wp-json\/wp\/v2\/posts\/3171","targetHints":{"allow":["GET"]}}],"collection":[{"href":"https:\/\/agora.xtec.cat\/escolaestevebarrachina\/wp-json\/wp\/v2\/posts"}],"about":[{"href":"https:\/\/agora.xtec.cat\/escolaestevebarrachina\/wp-json\/wp\/v2\/types\/post"}],"author":[{"embeddable":true,"href":"https:\/\/agora.xtec.cat\/escolaestevebarrachina\/wp-json\/wp\/v2\/users\/1"}],"replies":[{"embeddable":true,"href":"https:\/\/agora.xtec.cat\/escolaestevebarrachina\/wp-json\/wp\/v2\/comments?post=3171"}],"version-history":[{"count":0,"href":"https:\/\/agora.xtec.cat\/escolaestevebarrachina\/wp-json\/wp\/v2\/posts\/3171\/revisions"}],"wp:featuredmedia":[{"embeddable":true,"href":"https:\/\/agora.xtec.cat\/escolaestevebarrachina\/wp-json\/"}],"wp:attachment":[{"href":"https:\/\/agora.xtec.cat\/escolaestevebarrachina\/wp-json\/wp\/v2\/media?parent=3171"}],"wp:term":[{"taxonomy":"category","embeddable":true,"href":"https:\/\/agora.xtec.cat\/escolaestevebarrachina\/wp-json\/wp\/v2\/categories?post=3171"},{"taxonomy":"post_tag","embeddable":true,"href":"https:\/\/agora.xtec.cat\/escolaestevebarrachina\/wp-json\/wp\/v2\/tags?post=3171"}],"curies":[{"name":"wp","href":"https:\/\/api.w.org\/{rel}","templated":true}]}}