{"id":3158,"date":"2015-10-08T19:39:53","date_gmt":"2015-10-08T17:39:53","guid":{"rendered":"https:\/\/escolaestevebarrachina.cat\/?p=3158"},"modified":"2015-10-08T19:39:53","modified_gmt":"2015-10-08T17:39:53","slug":"vacunes-a-6e","status":"publish","type":"post","link":"https:\/\/agora.xtec.cat\/escolaestevebarrachina\/blog\/vacunes-a-6e\/","title":{"rendered":"Vacunes a 6\u00e8"},"content":{"rendered":"<p>Com cada any i coincidint amb el curs escolar, el Departament de Salut administrar\u00e0 les vacunes a l\u2019escola segons el calendari de vacunacions vigent a Catalunya. <strong>\u00c9s per aix\u00f2 que el proper dimecres dia 14 d&#8217;octubre a les 9:00h del mat\u00ed vindran a posar la vacuna a l&#8217;alumnat de 6\u00e8. \u00c9s imprescindible que aquest dia el vostre fill o filla porti el carnet de salut o el carnet de vacunacions per anotar-hi les dosis administrades i revisar la informaci\u00f3 de la vacunaci\u00f3 que hi consta per tal d\u2019administrar les vacunes necess\u00e0ries si \u00e9s el cas.<\/strong><\/p>\n<p>&nbsp;<\/p>\n<p>La vacunaci\u00f3 \u00e9s la millor opci\u00f3 per a la prevenci\u00f3 i el control de les malalties incloses en el calendari de vacunacions, i la millor alternativa tant per a la salut individual com de la comunitat, a m\u00e9s de ser un dret dels ciutadans.<br \/>\nL\u2019objectiu de la vacunaci\u00f3 a l\u2019escola \u00e9s facilitar l\u2019acc\u00e9s a la vacunaci\u00f3 i continuar amb el calendari de vacunacions que s\u2019inicia a la inf\u00e0ncia. Per aquest motiu, \u00e9s molt important la vostra col\u00b7laboraci\u00f3.<\/p>\n<p>&nbsp;<br \/>\nSegons el calendari de vacunacions sistem\u00e0tiques, les vacunes que s\u2019administren a sis\u00e8 curs d\u2019educaci\u00f3 prim\u00e0ria s\u00f3n les seg\u00fcents:<br \/>\n<strong>&#8211; La vacuna contra el virus del papil\u00b7loma hum\u00e0<\/strong> (VPH), que s\u2019administra en dues dosis i \u00fanicament a les noies.<br \/>\n&#8211; <strong>La vacuna contra l\u2019hepatitis A (VHA)<\/strong>, que s\u2019administra en dues dosis.<br \/>\n&#8211; <strong>La vacuna contra la varicel\u00b7la (VVZ),<\/strong> que s\u2019administra en dues dosis als nois i a les noies que no hagin passat la malaltia ni hagin rebut la vacuna. En cas que el vostre fill o filla estigui vacunat amb una dosi, se li n\u2019administrar\u00e0 la segona.<br \/>\n&#8211;<strong> La vacuna contra el meningococ C conjugada (MCC),<\/strong> que s\u2019administra en una \u00fanica dosi.<\/p>\n<p>El calendari actual recomana l\u2019administraci\u00f3 d\u2019una dosi de la vacuna contra l\u2019<strong>MCC<\/strong> als 11-12 anys per tal de millorar la protecci\u00f3 contra la malaltia meningoc\u00f2ccica en els adolescents. Aquesta dosi \u00e9s convenient aplicar-la encara que als infants ja se\u2019ls hagi administrat anteriorment durant la inf\u00e0ncia; es tracta d\u2019un refor\u00e7 per evitar la malaltia, ja que s\u2019ha observat que la immunitat contra la malaltia pot disminuir amb el pas del temps. Si el vostre fill o la vostra filla no ha rebut una dosi de vacuna MCC despr\u00e9s dels 10 anys, \u00e9s aconsellable administrar-la.<\/p>\n<p>&nbsp;<br \/>\nD\u2019altra banda, es mant\u00e9 la vacunaci\u00f3 contra l\u2019<strong>hepatitis A<\/strong> (abans, vacunaci\u00f3 antihepat\u00edtica A+B), ja que els nois i noies ja estan vacunats contra l\u2019hepatitis B.<br \/>\nLa pauta actual de vacunaci\u00f3 contra el <strong>VPH<\/strong> \u00e9s de dues dosis. \u00c9s la manera m\u00e9s efica\u00e7 de prevenir la majoria de les infeccions causades per alguns tipus de VPH i forma part de les estrat\u00e8gies de prevenci\u00f3 del c\u00e0ncer de c\u00e8rvix, tot i que no pot substituir la prevenci\u00f3 secund\u00e0ria, perqu\u00e8 aproximadament la tercera part dels c\u00e0ncers de c\u00e8rvix estan causats per papil\u00b7lomavirus diferents dels continguts en les vacunes actuals. \u00c9s molt important que tant les noies vacunades com les no vacunades es facin les revisions peri\u00f2diques en arribar a l\u2019edat en qu\u00e8 es recomanen de fer. Tamb\u00e9 cal recordar la import\u00e0ncia d\u2019utilitzar sempre el preservatiu per evitar qualsevol tipus d\u2019infecci\u00f3 de transmissi\u00f3 sexual.<\/p>\n<p>&nbsp;<br \/>\nLa vacunaci\u00f3 contra la <strong>varicel\u00b7la<\/strong> es dur\u00e0 a terme en els nois i noies susceptibles de patir la malaltia, \u00e9s a dir, els que no hagin passat la malaltia ni hagin estat vacunats anteriorment amb dues dosis de vacuna. Als que hagin estat vacunats anteriorment amb una dosi \u00fanica, se\u2019ls administrar\u00e0 la segona per tal de completar la vacunaci\u00f3.<br \/>\nEn general, les vacunes s\u00f3n ben tolerades, malgrat que poden causar mol\u00e8sties locals o malestar general (febre, desmais o mal de cap). Pr\u00e0cticament mai produeixen efectes adversos m\u00e9s greus.<\/p>\n<p>&nbsp;<br \/>\n<strong>Us demanem que empleneu la butlleta que us far\u00e0 arribar l&#8217;escola, amb la indicaci\u00f3 de si autoritzeu la vacunaci\u00f3 del vostre fill o filla, i que retorneu la butlleta al tutor o tutora de la classe, ja que sense l\u2019autoritzaci\u00f3 no es poden administrar les vacunes.<\/strong><\/p>\n<p>&nbsp;<br \/>\nPer a m\u00e9s informaci\u00f3, podeu consultar la p\u00e0gina web del Canal Salut del Departament de Salut (http:\/\/canalsalut.gencat.cat\/ca) o trucar al tel\u00e8fon 061 CatSalut Respon.<br \/>\nUs agra\u00efm per endavant la vostra col\u00b7laboraci\u00f3.<\/p>\n<p>Equip de Salut Escolar\u00a0 \/ Equip d\u2019Atenci\u00f3 Prim\u00e0ria<\/p>\n","protected":false},"excerpt":{"rendered":"<p>Com cada any i coincidint amb el curs escolar, el Departament de Salut administrar\u00e0 les vacunes a l\u2019escola segons el calendari de vacunacions vigent a Catalunya. \u00c9s per aix\u00f2 que el proper dimecres dia 14 d&#8217;octubre a les 9:00h del mat\u00ed vindran a posar la&hellip;  <a href=\"https:\/\/agora.xtec.cat\/escolaestevebarrachina\/blog\/vacunes-a-6e\/\" title=\"Read Vacunes a 6\u00e8\">Llegeix m\u00e9s\u00bb<\/a><\/p>\n","protected":false},"author":1,"featured_media":3162,"comment_status":"open","ping_status":"open","sticky":false,"template":"","format":"standard","meta":{"_bbp_topic_count":0,"_bbp_reply_count":0,"_bbp_total_topic_count":0,"_bbp_total_reply_count":0,"_bbp_voice_count":0,"_bbp_anonymous_reply_count":0,"_bbp_topic_count_hidden":0,"_bbp_reply_count_hidden":0,"_bbp_forum_subforum_count":0,"footnotes":""},"categories":[86],"tags":[134],"class_list":["post-3158","post","type-post","status-publish","format-standard","has-post-thumbnail","hentry","category-blog","tag-vacunes"],"post_mailing_queue_ids":[],"_links":{"self":[{"href":"https:\/\/agora.xtec.cat\/escolaestevebarrachina\/wp-json\/wp\/v2\/posts\/3158","targetHints":{"allow":["GET"]}}],"collection":[{"href":"https:\/\/agora.xtec.cat\/escolaestevebarrachina\/wp-json\/wp\/v2\/posts"}],"about":[{"href":"https:\/\/agora.xtec.cat\/escolaestevebarrachina\/wp-json\/wp\/v2\/types\/post"}],"author":[{"embeddable":true,"href":"https:\/\/agora.xtec.cat\/escolaestevebarrachina\/wp-json\/wp\/v2\/users\/1"}],"replies":[{"embeddable":true,"href":"https:\/\/agora.xtec.cat\/escolaestevebarrachina\/wp-json\/wp\/v2\/comments?post=3158"}],"version-history":[{"count":0,"href":"https:\/\/agora.xtec.cat\/escolaestevebarrachina\/wp-json\/wp\/v2\/posts\/3158\/revisions"}],"wp:featuredmedia":[{"embeddable":true,"href":"https:\/\/agora.xtec.cat\/escolaestevebarrachina\/wp-json\/"}],"wp:attachment":[{"href":"https:\/\/agora.xtec.cat\/escolaestevebarrachina\/wp-json\/wp\/v2\/media?parent=3158"}],"wp:term":[{"taxonomy":"category","embeddable":true,"href":"https:\/\/agora.xtec.cat\/escolaestevebarrachina\/wp-json\/wp\/v2\/categories?post=3158"},{"taxonomy":"post_tag","embeddable":true,"href":"https:\/\/agora.xtec.cat\/escolaestevebarrachina\/wp-json\/wp\/v2\/tags?post=3158"}],"curies":[{"name":"wp","href":"https:\/\/api.w.org\/{rel}","templated":true}]}}