{"id":3155,"date":"2018-12-12T19:49:43","date_gmt":"2018-12-12T18:49:43","guid":{"rendered":"https:\/\/primaria.escolaestevebarrachina.cat\/?p=3155"},"modified":"2018-12-12T19:49:43","modified_gmt":"2018-12-12T18:49:43","slug":"taller-la-sirena-de-pere-jou","status":"publish","type":"post","link":"https:\/\/agora.xtec.cat\/escolaestevebarrachina\/general\/taller-la-sirena-de-pere-jou\/","title":{"rendered":"Taller la Sirena de Pere Jou"},"content":{"rendered":"<p><strong>Aquest mat\u00ed, hem sortit<\/strong> de l&#8217;escola per a aprendre coses del nostre poble.\u00a0 Hem apr\u00e8s\u00a0 que en Pere Jou \u00e9s qui va fer l&#8217;escultura de la sirena, que hi ha a les escales de la Fragata, i els capitells del Palau Maricel .<\/p>\n<p>Primer ens han ensenyat l&#8217;escultura que ara est\u00e0 a Can Fal\u00e7.\u00a0 Per les inclem\u00e8ncies del temps i pels actes poc c\u00edvics de les persones, ha fet falta fer una bona restauraci\u00f3, perqu\u00e8 havia quedat malmesa.<\/p>\n<p>&nbsp;<\/p>\n<p><img loading=\"lazy\" decoding=\"async\" class=\" wp-image-3161 alignleft\" src=\"https:\/\/primaria.escolaestevebarrachina.cat\/wp-content\/uploads\/2018\/12\/46233564872_0b4fec1ece_z-225x300.jpg\" alt=\"\" width=\"258\" height=\"344\" \/><\/p>\n<p><img loading=\"lazy\" decoding=\"async\" class=\"aligncenter wp-image-3157\" src=\"https:\/\/primaria.escolaestevebarrachina.cat\/wp-content\/uploads\/2018\/12\/32412260368_dce4891391_z-2-300x169.jpg\" alt=\"\" width=\"375\" height=\"211\" \/><\/p>\n<p>&nbsp;<\/p>\n<p>&nbsp;<\/p>\n<p>&nbsp;<\/p>\n<p>&nbsp;<\/p>\n<p>Despr\u00e9s hem anat al Sal\u00f3 Blau del Palau Maricel i all\u00ed hem fet una Sirena, com la que va fer en Pere Jou, en fang.<\/p>\n<p><img loading=\"lazy\" decoding=\"async\" class=\" wp-image-3159 alignleft\" src=\"https:\/\/primaria.escolaestevebarrachina.cat\/wp-content\/uploads\/2018\/12\/32412261388_fa3ce09dc0_z-225x300.jpg\" alt=\"\" width=\"259\" height=\"345\" \/><\/p>\n<p>&nbsp;<\/p>\n<p>&nbsp;<\/p>\n<p>&nbsp;<\/p>\n<p><img loading=\"lazy\" decoding=\"async\" class=\"aligncenter wp-image-3156\" src=\"https:\/\/primaria.escolaestevebarrachina.cat\/wp-content\/uploads\/2018\/12\/32412260258_86734141ac_z-300x169.jpg\" alt=\"\" width=\"442\" height=\"249\" \/><\/p>\n<p>&nbsp;<\/p>\n<p>El problema ha sigut haver-la de transportar a l&#8217;escola. Nosaltres no dispos\u00e0vem d&#8217;una ploma com la que van utilitzar per transportar l&#8217;escultura a Can Fal\u00e7, i ens les hem vist i desitjat! Un cop a l&#8217;escola ha fet falta restaurar-les totes.<\/p>\n<p><img loading=\"lazy\" decoding=\"async\" class=\" wp-image-3163 alignleft\" src=\"https:\/\/primaria.escolaestevebarrachina.cat\/wp-content\/uploads\/2018\/12\/46233566202_09e7f60de8_z-1-225x300.jpg\" alt=\"\" width=\"268\" height=\"357\" \/><\/p>\n<p>&nbsp;<\/p>\n<p>&nbsp;<\/p>\n<p>&nbsp;<\/p>\n<p>&nbsp;<\/p>\n<p><img loading=\"lazy\" decoding=\"async\" class=\"aligncenter wp-image-3162\" src=\"https:\/\/primaria.escolaestevebarrachina.cat\/wp-content\/uploads\/2018\/12\/46233565152_9bc7a8fdac_z-300x169.jpg\" alt=\"\" width=\"410\" height=\"231\" \/><\/p>\n<p><a href=\"https:\/\/www.flickr.com\/photos\/105651434@N04\/albums\/72157703090557961\">VEURE M\u00c9S FOTOS<\/a><\/p>\n<p>&nbsp;<\/p>\n<p>&nbsp;<\/p>\n<p>&nbsp;<\/p>\n<p>&nbsp;<\/p>\n<p>&nbsp;<\/p>\n<p>&nbsp;<\/p>\n<p>&nbsp;<\/p>\n<p>&nbsp;<\/p>\n<p>&nbsp;<\/p>\n<p>&nbsp;<\/p>\n<p>&nbsp;<\/p>\n<p>&nbsp;<\/p>\n<p>&nbsp;<\/p>\n<p>&nbsp;<\/p>\n<p>&nbsp;<\/p>\n<p>&nbsp;<\/p>\n<p>&nbsp;<\/p>\n<p>&nbsp;<\/p>\n<p>&nbsp;<\/p>\n<p>&nbsp;<\/p>\n","protected":false},"excerpt":{"rendered":"<p>Aquest mat\u00ed, hem sortit de l&#8217;escola per a aprendre coses del nostre poble.\u00a0 Hem apr\u00e8s\u00a0 que en Pere Jou \u00e9s qui va fer l&#8217;escultura de la sirena, que hi ha a les escales de la Fragata, i els capitells del Palau Maricel .<br \/>\nPrimer ens han&hellip;  <a href=\"https:\/\/agora.xtec.cat\/escolaestevebarrachina\/general\/taller-la-sirena-de-pere-jou\/\" title=\"Read Taller la Sirena de Pere Jou\">Llegeix m\u00e9s\u00bb<\/a><\/p>\n","protected":false},"author":1,"featured_media":4697,"comment_status":"open","ping_status":"open","sticky":false,"template":"","format":"standard","meta":{"_bbp_topic_count":0,"_bbp_reply_count":0,"_bbp_total_topic_count":0,"_bbp_total_reply_count":0,"_bbp_voice_count":0,"_bbp_anonymous_reply_count":0,"_bbp_topic_count_hidden":0,"_bbp_reply_count_hidden":0,"_bbp_forum_subforum_count":0,"footnotes":""},"categories":[86,93,1,145],"tags":[160],"class_list":["post-3155","post","type-post","status-publish","format-standard","has-post-thumbnail","hentry","category-blog","category-cicle-inicial","category-general","category-primaria","tag-taller-la-sirena"],"post_mailing_queue_ids":[],"_links":{"self":[{"href":"https:\/\/agora.xtec.cat\/escolaestevebarrachina\/wp-json\/wp\/v2\/posts\/3155","targetHints":{"allow":["GET"]}}],"collection":[{"href":"https:\/\/agora.xtec.cat\/escolaestevebarrachina\/wp-json\/wp\/v2\/posts"}],"about":[{"href":"https:\/\/agora.xtec.cat\/escolaestevebarrachina\/wp-json\/wp\/v2\/types\/post"}],"author":[{"embeddable":true,"href":"https:\/\/agora.xtec.cat\/escolaestevebarrachina\/wp-json\/wp\/v2\/users\/1"}],"replies":[{"embeddable":true,"href":"https:\/\/agora.xtec.cat\/escolaestevebarrachina\/wp-json\/wp\/v2\/comments?post=3155"}],"version-history":[{"count":0,"href":"https:\/\/agora.xtec.cat\/escolaestevebarrachina\/wp-json\/wp\/v2\/posts\/3155\/revisions"}],"wp:featuredmedia":[{"embeddable":true,"href":"https:\/\/agora.xtec.cat\/escolaestevebarrachina\/wp-json\/"}],"wp:attachment":[{"href":"https:\/\/agora.xtec.cat\/escolaestevebarrachina\/wp-json\/wp\/v2\/media?parent=3155"}],"wp:term":[{"taxonomy":"category","embeddable":true,"href":"https:\/\/agora.xtec.cat\/escolaestevebarrachina\/wp-json\/wp\/v2\/categories?post=3155"},{"taxonomy":"post_tag","embeddable":true,"href":"https:\/\/agora.xtec.cat\/escolaestevebarrachina\/wp-json\/wp\/v2\/tags?post=3155"}],"curies":[{"name":"wp","href":"https:\/\/api.w.org\/{rel}","templated":true}]}}