{"id":3141,"date":"2015-09-26T20:39:10","date_gmt":"2015-09-26T18:39:10","guid":{"rendered":"https:\/\/escolaestevebarrachina.cat\/?p=3141"},"modified":"2015-09-26T20:39:10","modified_gmt":"2015-09-26T18:39:10","slug":"primer-dia","status":"publish","type":"post","link":"https:\/\/agora.xtec.cat\/escolaestevebarrachina\/blog\/primer-dia\/","title":{"rendered":"Primer Dia"},"content":{"rendered":"<p>El passat dia 14 de setembre v\u00e0rem encetar un nou curs. Entre els rostres del infants s&#8217;hi podia veure un gran somriure, sobretot entre els m\u00e9s grans, era la satisfacci\u00f3 de retrobar els companys i companyes, despr\u00e9s d&#8217;un llarg per\u00edode de vacances;\u00a0 per\u00f2 tamb\u00e9 es percebia un cert nerviosisme,\u00a0 el neguit de la incertesa\u00a0 de tantes preguntes sense reposta fins al dia d&#8217;avui: qui ser\u00e0 el meu mestre o mestra?, Amb qui anir\u00e9? Tindr\u00e8 bons amics?, &#8230;Quin docent tindr\u00e0 el meu fill, filla?,\u00a0 Se&#8217;n sortir\u00e0, aprendr\u00e0 tot el que ha d&#8217;aprendre?,&#8230;\u00a0 Com seran els meus alumnes? Anir\u00e0 b\u00e9 el curs?&#8230; Uf quin pessigolleig que sento a la panxa!!!<\/p>\n<p>La veritat es que comencem el nou curs amb molta il.lusi\u00f3 i amb algunes novetats.<\/p>\n<ul>\n<li>Com ja sabeu el curs passat v\u00e0rem iniciar un<strong> Projecte d&#8217;Impuls a la lectura.<\/strong> Aquest any seguirem impulsant l&#8217;h\u00e0bit lector entre els nostres infants,\u00a0 i fomentant\u00a0 el treball competencial en comprensi\u00f3 lectora, com a eix vertebrador de tots els aprenentatges. <strong>&#8220;Cal saber llegir per aprendre i seguir aprenent&#8221;<\/strong> . Per tal de\u00a0 desenvolupar\u00a0 aquest objectiu hem ampliat el\u00a0 temps\u00a0 de lectura del nostre alumnat fins a 30 minuts diaris, al mat\u00ed. Aquest espai estar\u00e0 emmarcat en dos grans blocs :\u00a0 Temps per llegir i Temps per parlar\u00a0 de la lectura .<\/li>\n<li>Aix\u00ed mateix i per tercer any consecutiu, seguirem participant en el Projecte &#8220;Llegim en Parella&#8221; de la Universitat Aut\u00f2noma de Barcelona i continuarem el Programa &#8220;L\u00e8cxit&#8221; de la Fundaci\u00f3 Bofill d&#8217;acompanyament lector.<\/li>\n<li>La Biblioteca del nostre centre, juntament amb la seva mascota, votada i escollida entre tot l&#8217;alumnat, est\u00e0 escalfant motors preparant moltes activitats per despertar el nostre inter\u00e8s.<\/li>\n<li>Dins l&#8217;\u00e0rea\u00a0 d&#8217;Angl\u00e8s, i despr\u00e9s de l&#8217;\u00e8xit, tornarem a participar en un Projecte col.laboratiu europeu, mitjan\u00e7ant la plataforma eTwinning. El curs passat vam compartir les nostres\u00a0 opinions i experi\u00e8ncies\u00a0 amb un centre escolar de Gr\u00e8cia.<\/li>\n<li>L&#8217;altra gran novetat \u00e9s el treball iniciat de musicoter\u00e0pia, amb determinats alumnes de necessitats educatives especials.<\/li>\n<\/ul>\n<p>BENVINGUTS I BON CURS A TOTHOM!!!!<\/p>\n<p>&nbsp;<\/p>\n<p>&nbsp;<\/p>\n<p>&nbsp;<\/p>\n","protected":false},"excerpt":{"rendered":"<p>El passat dia 14 de setembre v\u00e0rem encetar un nou curs. Entre els rostres del infants s&#8217;hi podia veure un gran somriure, sobretot entre els m\u00e9s grans, era la satisfacci\u00f3 de retrobar els companys i companyes, despr\u00e9s d&#8217;un llarg per\u00edode de vacances;\u00a0 per\u00f2 tamb\u00e9 es&hellip;  <a href=\"https:\/\/agora.xtec.cat\/escolaestevebarrachina\/blog\/primer-dia\/\" title=\"Read Primer Dia\">Llegeix m\u00e9s\u00bb<\/a><\/p>\n","protected":false},"author":1,"featured_media":3142,"comment_status":"open","ping_status":"open","sticky":false,"template":"","format":"standard","meta":{"_bbp_topic_count":0,"_bbp_reply_count":0,"_bbp_total_topic_count":0,"_bbp_total_reply_count":0,"_bbp_voice_count":0,"_bbp_anonymous_reply_count":0,"_bbp_topic_count_hidden":0,"_bbp_reply_count_hidden":0,"_bbp_forum_subforum_count":0,"footnotes":""},"categories":[86],"tags":[],"class_list":["post-3141","post","type-post","status-publish","format-standard","has-post-thumbnail","hentry","category-blog"],"post_mailing_queue_ids":[],"_links":{"self":[{"href":"https:\/\/agora.xtec.cat\/escolaestevebarrachina\/wp-json\/wp\/v2\/posts\/3141","targetHints":{"allow":["GET"]}}],"collection":[{"href":"https:\/\/agora.xtec.cat\/escolaestevebarrachina\/wp-json\/wp\/v2\/posts"}],"about":[{"href":"https:\/\/agora.xtec.cat\/escolaestevebarrachina\/wp-json\/wp\/v2\/types\/post"}],"author":[{"embeddable":true,"href":"https:\/\/agora.xtec.cat\/escolaestevebarrachina\/wp-json\/wp\/v2\/users\/1"}],"replies":[{"embeddable":true,"href":"https:\/\/agora.xtec.cat\/escolaestevebarrachina\/wp-json\/wp\/v2\/comments?post=3141"}],"version-history":[{"count":0,"href":"https:\/\/agora.xtec.cat\/escolaestevebarrachina\/wp-json\/wp\/v2\/posts\/3141\/revisions"}],"wp:featuredmedia":[{"embeddable":true,"href":"https:\/\/agora.xtec.cat\/escolaestevebarrachina\/wp-json\/"}],"wp:attachment":[{"href":"https:\/\/agora.xtec.cat\/escolaestevebarrachina\/wp-json\/wp\/v2\/media?parent=3141"}],"wp:term":[{"taxonomy":"category","embeddable":true,"href":"https:\/\/agora.xtec.cat\/escolaestevebarrachina\/wp-json\/wp\/v2\/categories?post=3141"},{"taxonomy":"post_tag","embeddable":true,"href":"https:\/\/agora.xtec.cat\/escolaestevebarrachina\/wp-json\/wp\/v2\/tags?post=3141"}],"curies":[{"name":"wp","href":"https:\/\/api.w.org\/{rel}","templated":true}]}}