{"id":3116,"date":"2018-06-16T14:16:09","date_gmt":"2018-06-16T12:16:09","guid":{"rendered":"http:\/\/primaria.escolaestevebarrachina.cat\/?p=3116"},"modified":"2018-06-16T14:16:09","modified_gmt":"2018-06-16T12:16:09","slug":"exposicio-de-circuits-electrics-de-sise","status":"publish","type":"post","link":"https:\/\/agora.xtec.cat\/escolaestevebarrachina\/general\/exposicio-de-circuits-electrics-de-sise\/","title":{"rendered":"Exposici\u00f3 de circuits el\u00e8ctrics de sis\u00e8"},"content":{"rendered":"<p>S&#8217;ha inaugurat l&#8217;exposici\u00f3 dels circuits el\u00e8ctrics que hem elaborat els alumnes de 6\u00e8 i que hem treballat durant aquest trimestre.<\/p>\n<p>Un circuit el\u00e8ctric \u00e9s un conjunt de cables amb els quals aconsegueixes que s&#8217;encengui una bombeta connectant-la a la pila i nosaltres ho hem fet amb diferents decoracions.<\/p>\n<p>Podeu veure aquesta mostra:<img loading=\"lazy\" decoding=\"async\" class=\"aligncenter size-medium wp-image-3132\" src=\"http:\/\/primaria.escolaestevebarrachina.cat\/wp-content\/uploads\/2018\/06\/IMG_20180613_124719-300x169.jpg\" alt=\"\" width=\"300\" height=\"169\" \/>\u00a0 <img loading=\"lazy\" decoding=\"async\" class=\"aligncenter size-medium wp-image-3131\" src=\"http:\/\/primaria.escolaestevebarrachina.cat\/wp-content\/uploads\/2018\/06\/IMG_20180613_124636-300x169.jpg\" alt=\"\" width=\"300\" height=\"169\" \/><\/p>\n<p><img loading=\"lazy\" decoding=\"async\" class=\"aligncenter size-medium wp-image-3130\" src=\"http:\/\/primaria.escolaestevebarrachina.cat\/wp-content\/uploads\/2018\/06\/IMG_20180613_124629-300x169.jpg\" alt=\"\" width=\"300\" height=\"169\" \/><\/p>\n<p><img loading=\"lazy\" decoding=\"async\" class=\"aligncenter size-medium wp-image-3129\" src=\"http:\/\/primaria.escolaestevebarrachina.cat\/wp-content\/uploads\/2018\/06\/IMG_20180613_124557-300x169.jpg\" alt=\"\" width=\"300\" height=\"169\" \/><\/p>\n<p><img loading=\"lazy\" decoding=\"async\" class=\"aligncenter size-medium wp-image-3128\" src=\"http:\/\/primaria.escolaestevebarrachina.cat\/wp-content\/uploads\/2018\/06\/IMG_20180613_124549-300x169.jpg\" alt=\"\" width=\"300\" height=\"169\" \/><\/p>\n<p><img loading=\"lazy\" decoding=\"async\" class=\"aligncenter size-medium wp-image-3127\" src=\"http:\/\/primaria.escolaestevebarrachina.cat\/wp-content\/uploads\/2018\/06\/IMG_20180613_124539-300x169.jpg\" alt=\"\" width=\"300\" height=\"169\" \/><\/p>\n<p><img loading=\"lazy\" decoding=\"async\" class=\"aligncenter size-medium wp-image-3126\" src=\"http:\/\/primaria.escolaestevebarrachina.cat\/wp-content\/uploads\/2018\/06\/IMG_20180613_124526-300x169.jpg\" alt=\"\" width=\"300\" height=\"169\" \/><\/p>\n<p><img loading=\"lazy\" decoding=\"async\" class=\"aligncenter size-medium wp-image-3125\" src=\"http:\/\/primaria.escolaestevebarrachina.cat\/wp-content\/uploads\/2018\/06\/IMG_20180613_124517-300x169.jpg\" alt=\"\" width=\"300\" height=\"169\" \/><\/p>\n<p><img loading=\"lazy\" decoding=\"async\" class=\"aligncenter size-medium wp-image-3123\" src=\"http:\/\/primaria.escolaestevebarrachina.cat\/wp-content\/uploads\/2018\/06\/IMG_20180613_124502-300x169.jpg\" alt=\"\" width=\"300\" height=\"169\" \/><\/p>\n<p><img loading=\"lazy\" decoding=\"async\" class=\"aligncenter size-medium wp-image-3122\" src=\"http:\/\/primaria.escolaestevebarrachina.cat\/wp-content\/uploads\/2018\/06\/IMG_20180613_124451-300x169.jpg\" alt=\"\" width=\"300\" height=\"169\" \/><\/p>\n<p><img loading=\"lazy\" decoding=\"async\" class=\"aligncenter size-medium wp-image-3120\" src=\"http:\/\/primaria.escolaestevebarrachina.cat\/wp-content\/uploads\/2018\/06\/IMG_20180613_124433-300x169.jpg\" alt=\"\" width=\"300\" height=\"169\" \/><\/p>\n<p><img loading=\"lazy\" decoding=\"async\" class=\"aligncenter size-medium wp-image-3121\" src=\"http:\/\/primaria.escolaestevebarrachina.cat\/wp-content\/uploads\/2018\/06\/IMG_20180613_124442-300x169.jpg\" alt=\"\" width=\"300\" height=\"169\" \/>\u00a0 <img loading=\"lazy\" decoding=\"async\" class=\"aligncenter size-medium wp-image-3124\" src=\"http:\/\/primaria.escolaestevebarrachina.cat\/wp-content\/uploads\/2018\/06\/IMG_20180613_124509-300x169.jpg\" alt=\"\" width=\"300\" height=\"169\" \/><\/p>\n<p>&nbsp;<\/p>\n","protected":false},"excerpt":{"rendered":"<p>S&#8217;ha inaugurat l&#8217;exposici\u00f3 dels circuits el\u00e8ctrics que hem elaborat els alumnes de 6\u00e8 i que hem treballat durant aquest trimestre.<br \/>\nUn circuit el\u00e8ctric \u00e9s un conjunt de cables amb els quals aconsegueixes que s&#8217;encengui una bombeta connectant-la a la pila i nosaltres ho hem fet amb&hellip;  <a href=\"https:\/\/agora.xtec.cat\/escolaestevebarrachina\/general\/exposicio-de-circuits-electrics-de-sise\/\" title=\"Read Exposici\u00f3 de circuits el\u00e8ctrics de sis\u00e8\">Llegeix m\u00e9s\u00bb<\/a><\/p>\n","protected":false},"author":1,"featured_media":3117,"comment_status":"open","ping_status":"open","sticky":false,"template":"","format":"standard","meta":{"_bbp_topic_count":0,"_bbp_reply_count":0,"_bbp_total_topic_count":0,"_bbp_total_reply_count":0,"_bbp_voice_count":0,"_bbp_anonymous_reply_count":0,"_bbp_topic_count_hidden":0,"_bbp_reply_count_hidden":0,"_bbp_forum_subforum_count":0,"footnotes":""},"categories":[86,1,145],"tags":[],"class_list":["post-3116","post","type-post","status-publish","format-standard","has-post-thumbnail","hentry","category-blog","category-general","category-primaria"],"post_mailing_queue_ids":[],"_links":{"self":[{"href":"https:\/\/agora.xtec.cat\/escolaestevebarrachina\/wp-json\/wp\/v2\/posts\/3116","targetHints":{"allow":["GET"]}}],"collection":[{"href":"https:\/\/agora.xtec.cat\/escolaestevebarrachina\/wp-json\/wp\/v2\/posts"}],"about":[{"href":"https:\/\/agora.xtec.cat\/escolaestevebarrachina\/wp-json\/wp\/v2\/types\/post"}],"author":[{"embeddable":true,"href":"https:\/\/agora.xtec.cat\/escolaestevebarrachina\/wp-json\/wp\/v2\/users\/1"}],"replies":[{"embeddable":true,"href":"https:\/\/agora.xtec.cat\/escolaestevebarrachina\/wp-json\/wp\/v2\/comments?post=3116"}],"version-history":[{"count":0,"href":"https:\/\/agora.xtec.cat\/escolaestevebarrachina\/wp-json\/wp\/v2\/posts\/3116\/revisions"}],"wp:featuredmedia":[{"embeddable":true,"href":"https:\/\/agora.xtec.cat\/escolaestevebarrachina\/wp-json\/"}],"wp:attachment":[{"href":"https:\/\/agora.xtec.cat\/escolaestevebarrachina\/wp-json\/wp\/v2\/media?parent=3116"}],"wp:term":[{"taxonomy":"category","embeddable":true,"href":"https:\/\/agora.xtec.cat\/escolaestevebarrachina\/wp-json\/wp\/v2\/categories?post=3116"},{"taxonomy":"post_tag","embeddable":true,"href":"https:\/\/agora.xtec.cat\/escolaestevebarrachina\/wp-json\/wp\/v2\/tags?post=3116"}],"curies":[{"name":"wp","href":"https:\/\/api.w.org\/{rel}","templated":true}]}}