{"id":3089,"date":"2018-05-22T16:16:44","date_gmt":"2018-05-22T14:16:44","guid":{"rendered":"http:\/\/primaria.escolaestevebarrachina.cat\/?p=3089"},"modified":"2018-05-22T16:16:44","modified_gmt":"2018-05-22T14:16:44","slug":"les-colonies-de-4t","status":"publish","type":"post","link":"https:\/\/agora.xtec.cat\/escolaestevebarrachina\/general\/les-colonies-de-4t\/","title":{"rendered":"Les colonies de 4t"},"content":{"rendered":"<p>Els dies 16, 17 i 18 de maig, els nens de quart vam anar de colonies a la Bisbal de l&#8217;Empord\u00e0.<\/p>\n<p>Primer vam visitar el museu Dal\u00ed a Figueres, ens va semblar un lloc molt surrealista!<\/p>\n<p>I despr\u00e9s vam estar 3 dies de conviv\u00e8ncia a la casa Pou del Gla\u00e7, vam fer moltes activitats, com tirolina, tir amb arc, circuit de ponts, torn i algunes m\u00e9s.<\/p>\n<p>A continuaci\u00f3, podeu veure els dos v\u00eddeos clicant <a href=\"https:\/\/www.flickr.com\/photos\/105651434@N04\/27366216157\/\">aqu\u00ed<\/a>, tanta diversi\u00f3, no cabia en un v\u00eddeo sol!<\/p>\n<figure class=\"figure wp-caption aligncenter\"><img loading=\"lazy\" decoding=\"async\" class=\"size-medium wp-image-3090\" src=\"http:\/\/primaria.escolaestevebarrachina.cat\/wp-content\/uploads\/2018\/05\/IMG1526629376136_00001_BURST1526629376136-300x225.jpg\" alt=\"\" width=\"300\" height=\"225\" \/><figcaption class=\"wp-caption-text\">Colonies 4t<\/figcaption><\/figure>\n","protected":false},"excerpt":{"rendered":"<p>Els dies 16, 17 i 18 de maig, els nens de quart vam anar de colonies a la Bisbal de l&#8217;Empord\u00e0.<br \/>\nPrimer vam visitar el museu Dal\u00ed a Figueres, ens va semblar un lloc molt surrealista!<br \/>\nI despr\u00e9s vam estar 3 dies de conviv\u00e8ncia a la casa&hellip;  <a href=\"https:\/\/agora.xtec.cat\/escolaestevebarrachina\/general\/les-colonies-de-4t\/\" title=\"Read Les colonies de 4t\">Llegeix m\u00e9s\u00bb<\/a><\/p>\n","protected":false},"author":1,"featured_media":0,"comment_status":"open","ping_status":"open","sticky":false,"template":"","format":"standard","meta":{"_bbp_topic_count":0,"_bbp_reply_count":0,"_bbp_total_topic_count":0,"_bbp_total_reply_count":0,"_bbp_voice_count":0,"_bbp_anonymous_reply_count":0,"_bbp_topic_count_hidden":0,"_bbp_reply_count_hidden":0,"_bbp_forum_subforum_count":0,"footnotes":""},"categories":[84,86,99,85,1,145],"tags":[],"class_list":["post-3089","post","type-post","status-publish","format-standard","hentry","category-activitats-del-centre","category-blog","category-cicle-mitja","category-escola-estebe-barrachina","category-general","category-primaria"],"post_mailing_queue_ids":[],"_links":{"self":[{"href":"https:\/\/agora.xtec.cat\/escolaestevebarrachina\/wp-json\/wp\/v2\/posts\/3089","targetHints":{"allow":["GET"]}}],"collection":[{"href":"https:\/\/agora.xtec.cat\/escolaestevebarrachina\/wp-json\/wp\/v2\/posts"}],"about":[{"href":"https:\/\/agora.xtec.cat\/escolaestevebarrachina\/wp-json\/wp\/v2\/types\/post"}],"author":[{"embeddable":true,"href":"https:\/\/agora.xtec.cat\/escolaestevebarrachina\/wp-json\/wp\/v2\/users\/1"}],"replies":[{"embeddable":true,"href":"https:\/\/agora.xtec.cat\/escolaestevebarrachina\/wp-json\/wp\/v2\/comments?post=3089"}],"version-history":[{"count":0,"href":"https:\/\/agora.xtec.cat\/escolaestevebarrachina\/wp-json\/wp\/v2\/posts\/3089\/revisions"}],"wp:attachment":[{"href":"https:\/\/agora.xtec.cat\/escolaestevebarrachina\/wp-json\/wp\/v2\/media?parent=3089"}],"wp:term":[{"taxonomy":"category","embeddable":true,"href":"https:\/\/agora.xtec.cat\/escolaestevebarrachina\/wp-json\/wp\/v2\/categories?post=3089"},{"taxonomy":"post_tag","embeddable":true,"href":"https:\/\/agora.xtec.cat\/escolaestevebarrachina\/wp-json\/wp\/v2\/tags?post=3089"}],"curies":[{"name":"wp","href":"https:\/\/api.w.org\/{rel}","templated":true}]}}