{"id":3084,"date":"2018-05-20T12:48:58","date_gmt":"2018-05-20T10:48:58","guid":{"rendered":"http:\/\/primaria.escolaestevebarrachina.cat\/?p=3084"},"modified":"2018-05-20T12:48:58","modified_gmt":"2018-05-20T10:48:58","slug":"taller-de-sardanes-a-3r","status":"publish","type":"post","link":"https:\/\/agora.xtec.cat\/escolaestevebarrachina\/general\/taller-de-sardanes-a-3r\/","title":{"rendered":"Taller de Sardanes a 3r"},"content":{"rendered":"<p>Despr\u00e9s d&#8217;haver realitzat l un taller de sardanes dins l&#8217;\u00e0rea de m\u00fasica, l&#8217;alumnat de tercer l&#8217;ha culminat en una gran ballada de sardanes juntament amb nens i nenes d&#8217;altres escoles de Sitges, a l&#8217;Hort de Can Fal\u00e7.<\/p>\n<p><a href=\"https:\/\/www.flickr.com\/photos\/105651434@N04\/27357333517\/in\/dateposted-public\/\">https:\/\/www.flickr.com\/photos\/105651434@N04\/27357333517\/in\/dateposted-public\/<\/a><\/p>\n<p>&nbsp;<\/p>\n<p>&nbsp;<\/p>\n<p>&nbsp;<\/p>\n","protected":false},"excerpt":{"rendered":"<p>Despr\u00e9s d&#8217;haver realitzat l un taller de sardanes dins l&#8217;\u00e0rea de m\u00fasica, l&#8217;alumnat de tercer l&#8217;ha culminat en una gran ballada de sardanes juntament amb nens i nenes d&#8217;altres escoles de Sitges, a l&#8217;Hort de Can Fal\u00e7.<br \/>\n<a href=\"https:\/\/www.flickr.com\/photos\/105651434@N04\/27357333517\/in\/dateposted-public\/\">https:\/\/www.flickr.com\/photos\/105651434@N04\/27357333517\/in\/dateposted-public\/<\/a><br \/>\n&nbsp;<br \/>\n&nbsp;<br \/>\n&nbsp;<\/p>\n","protected":false},"author":1,"featured_media":3085,"comment_status":"open","ping_status":"open","sticky":false,"template":"","format":"standard","meta":{"_bbp_topic_count":0,"_bbp_reply_count":0,"_bbp_total_topic_count":0,"_bbp_total_reply_count":0,"_bbp_voice_count":0,"_bbp_anonymous_reply_count":0,"_bbp_topic_count_hidden":0,"_bbp_reply_count_hidden":0,"_bbp_forum_subforum_count":0,"footnotes":""},"categories":[86,1,145],"tags":[],"class_list":["post-3084","post","type-post","status-publish","format-standard","has-post-thumbnail","hentry","category-blog","category-general","category-primaria"],"post_mailing_queue_ids":[],"_links":{"self":[{"href":"https:\/\/agora.xtec.cat\/escolaestevebarrachina\/wp-json\/wp\/v2\/posts\/3084","targetHints":{"allow":["GET"]}}],"collection":[{"href":"https:\/\/agora.xtec.cat\/escolaestevebarrachina\/wp-json\/wp\/v2\/posts"}],"about":[{"href":"https:\/\/agora.xtec.cat\/escolaestevebarrachina\/wp-json\/wp\/v2\/types\/post"}],"author":[{"embeddable":true,"href":"https:\/\/agora.xtec.cat\/escolaestevebarrachina\/wp-json\/wp\/v2\/users\/1"}],"replies":[{"embeddable":true,"href":"https:\/\/agora.xtec.cat\/escolaestevebarrachina\/wp-json\/wp\/v2\/comments?post=3084"}],"version-history":[{"count":0,"href":"https:\/\/agora.xtec.cat\/escolaestevebarrachina\/wp-json\/wp\/v2\/posts\/3084\/revisions"}],"wp:featuredmedia":[{"embeddable":true,"href":"https:\/\/agora.xtec.cat\/escolaestevebarrachina\/wp-json\/"}],"wp:attachment":[{"href":"https:\/\/agora.xtec.cat\/escolaestevebarrachina\/wp-json\/wp\/v2\/media?parent=3084"}],"wp:term":[{"taxonomy":"category","embeddable":true,"href":"https:\/\/agora.xtec.cat\/escolaestevebarrachina\/wp-json\/wp\/v2\/categories?post=3084"},{"taxonomy":"post_tag","embeddable":true,"href":"https:\/\/agora.xtec.cat\/escolaestevebarrachina\/wp-json\/wp\/v2\/tags?post=3084"}],"curies":[{"name":"wp","href":"https:\/\/api.w.org\/{rel}","templated":true}]}}