{"id":3073,"date":"2015-06-02T23:11:10","date_gmt":"2015-06-02T21:11:10","guid":{"rendered":"https:\/\/escolaestevebarrachina.cat\/?p=3073"},"modified":"2015-06-02T23:11:10","modified_gmt":"2015-06-02T21:11:10","slug":"premis-catifes-de-corpus-2015","status":"publish","type":"post","link":"https:\/\/agora.xtec.cat\/escolaestevebarrachina\/escola-estebe-barrachina\/premis-catifes-de-corpus-2015\/","title":{"rendered":"Premis Catifes de Corpus 2015"},"content":{"rendered":"<p>Aquesta setmana hem fet l&#8217;entrega dels premis\u00a0 finalistes de les catifes guanyadores d&#8217;enguany.<\/p>\n<p>S&#8217;ha donat una medalla al premi finalista per grup classe i una copa a la catifa guanyadora. Aquesta catifa \u00e9s la que aquest diumenge dia 7 de juny dissenyarem en el tram del Carrer Jes\u00fas que comen\u00e7a a la cantonada amb el c\/ Santiago Rusi\u00f1ol.<\/p>\n<p>Els nens i nenes premiats s\u00f3n:<\/p>\n<p>PRIMER<\/p>\n<p><a href=\"https:\/\/escolaestevebarrachina.cat\/wp-content\/uploads\/2015\/06\/Primer.jpg\"><img loading=\"lazy\" decoding=\"async\" class=\"alignnone size-full wp-image-3079\" src=\"https:\/\/escolaestevebarrachina.cat\/wp-content\/uploads\/2015\/06\/Primer.jpg\" alt=\"Primer\" width=\"2805\" height=\"1893\" \/><\/a>\u00a0\u00a0\u00a0\u00a0\u00a0\u00a0\u00a0\u00a0\u00a0\u00a0\u00a0\u00a0\u00a0\u00a0\u00a0\u00a0\u00a0\u00a0\u00a0\u00a0\u00a0\u00a0\u00a0\u00a0\u00a0\u00a0\u00a0\u00a0\u00a0\u00a0\u00a0\u00a0\u00a0\u00a0\u00a0\u00a0\u00a0\u00a0\u00a0 Naiara Maldonado i Beth Parejo<\/p>\n<p>&nbsp;<\/p>\n<p>SEGON<\/p>\n<p><a href=\"https:\/\/escolaestevebarrachina.cat\/wp-content\/uploads\/2015\/06\/segon.jpg\"><img loading=\"lazy\" decoding=\"async\" class=\"alignnone size-full wp-image-3076\" src=\"https:\/\/escolaestevebarrachina.cat\/wp-content\/uploads\/2015\/06\/segon.jpg\" alt=\"segon\" width=\"2805\" height=\"1893\" \/><\/a>\u00a0\u00a0\u00a0\u00a0\u00a0\u00a0\u00a0\u00a0\u00a0\u00a0\u00a0\u00a0\u00a0\u00a0\u00a0\u00a0\u00a0\u00a0\u00a0\u00a0\u00a0\u00a0\u00a0\u00a0\u00a0 \u00a0 \u00a0\u00a0 Adriana Sal i Judith Forga<\/p>\n<p>TERCER<\/p>\n<p><a href=\"https:\/\/escolaestevebarrachina.cat\/wp-content\/uploads\/2015\/06\/tercer.jpg\"><img loading=\"lazy\" decoding=\"async\" class=\"alignnone size-full wp-image-3074\" src=\"https:\/\/escolaestevebarrachina.cat\/wp-content\/uploads\/2015\/06\/tercer.jpg\" alt=\"tercer\" width=\"2805\" height=\"1893\" \/><\/a> \u00a0 \u00a0 \u00a0 \u00a0 \u00a0 \u00a0 \u00a0 \u00a0 \u00a0 \u00a0 \u00a0 \u00a0 \u00a0 \u00a0 \u00a0 \u00a0 \u00a0 \u00a0 \u00a0 \u00a0 \u00a0 \u00a0 \u00a0 \u00a0 \u00a0 \u00a0\u00a0 Marc Antequera i Carles Herrero<\/p>\n<p>&nbsp;<\/p>\n<p>QUART<\/p>\n<p><a href=\"https:\/\/escolaestevebarrachina.cat\/wp-content\/uploads\/2015\/06\/quart.jpg\"><img loading=\"lazy\" decoding=\"async\" class=\"alignnone size-full wp-image-3077\" src=\"https:\/\/escolaestevebarrachina.cat\/wp-content\/uploads\/2015\/06\/quart.jpg\" alt=\"quart\" width=\"2805\" height=\"1893\" \/><\/a>\u00a0\u00a0\u00a0\u00a0\u00a0\u00a0\u00a0\u00a0\u00a0\u00a0\u00a0\u00a0\u00a0\u00a0\u00a0\u00a0\u00a0\u00a0\u00a0\u00a0\u00a0\u00a0\u00a0\u00a0\u00a0\u00a0\u00a0\u00a0\u00a0\u00a0\u00a0\u00a0\u00a0\u00a0\u00a0\u00a0\u00a0\u00a0\u00a0\u00a0\u00a0\u00a0\u00a0\u00a0\u00a0 Jan Paretas i Claudia Villanueva<\/p>\n<p>&nbsp;<\/p>\n<p>CINQU\u00c8<\/p>\n<p><a href=\"https:\/\/escolaestevebarrachina.cat\/wp-content\/uploads\/2015\/06\/cinqu\u00e8.jpg\"><img loading=\"lazy\" decoding=\"async\" class=\"alignnone size-full wp-image-3078\" src=\"https:\/\/escolaestevebarrachina.cat\/wp-content\/uploads\/2015\/06\/cinqu\u00e8.jpg\" alt=\"cinqu\u00e8\" width=\"2805\" height=\"1893\" \/><\/a>\u00a0\u00a0\u00a0\u00a0\u00a0\u00a0\u00a0\u00a0\u00a0\u00a0\u00a0\u00a0\u00a0\u00a0\u00a0\u00a0\u00a0\u00a0\u00a0\u00a0\u00a0\u00a0\u00a0\u00a0\u00a0\u00a0\u00a0\u00a0\u00a0\u00a0\u00a0\u00a0\u00a0\u00a0\u00a0\u00a0\u00a0\u00a0\u00a0\u00a0\u00a0 Arnau Carbonell i Mar Trilla<\/p>\n<p>&nbsp;<\/p>\n<p>SIS\u00c8<\/p>\n<p><a href=\"https:\/\/escolaestevebarrachina.cat\/wp-content\/uploads\/2015\/06\/sis\u00e8.jpg\"><img loading=\"lazy\" decoding=\"async\" class=\"alignnone size-full wp-image-3075\" src=\"https:\/\/escolaestevebarrachina.cat\/wp-content\/uploads\/2015\/06\/sis\u00e8.jpg\" alt=\"sis\u00e8\" width=\"2805\" height=\"1893\" \/><\/a>\u00a0\u00a0\u00a0\u00a0\u00a0\u00a0\u00a0\u00a0\u00a0\u00a0\u00a0\u00a0\u00a0\u00a0\u00a0\u00a0\u00a0\u00a0\u00a0\u00a0\u00a0\u00a0\u00a0\u00a0\u00a0\u00a0\u00a0\u00a0\u00a0\u00a0\u00a0\u00a0\u00a0\u00a0 \u00a0 \u00a0\u00a0 Uma Cabrera, Kimberly Fanou i Rebeca Thomson (absent)<\/p>\n<p>&nbsp;<\/p>\n<p>CATIFA GUANYADORA<\/p>\n<p><a href=\"https:\/\/escolaestevebarrachina.cat\/wp-content\/uploads\/2015\/06\/guanyadora.jpg\"><img loading=\"lazy\" decoding=\"async\" class=\"alignnone size-full wp-image-3080\" src=\"https:\/\/escolaestevebarrachina.cat\/wp-content\/uploads\/2015\/06\/guanyadora.jpg\" alt=\"guanyadora\" width=\"1539\" height=\"2167\" \/><\/a><\/p>\n<p>Lara Gibney<\/p>\n<p>A tots ells i elles ENHORABONA!!!<\/p>\n","protected":false},"excerpt":{"rendered":"<p>Aquesta setmana hem fet l&#8217;entrega dels premis\u00a0 finalistes de les catifes guanyadores d&#8217;enguany.<br \/>\nS&#8217;ha donat una medalla al premi finalista per grup classe i una copa a la catifa guanyadora. Aquesta catifa \u00e9s la que aquest diumenge dia 7 de juny dissenyarem en el tram del&hellip;  <a href=\"https:\/\/agora.xtec.cat\/escolaestevebarrachina\/escola-estebe-barrachina\/premis-catifes-de-corpus-2015\/\" title=\"Read Premis Catifes de Corpus 2015\">Llegeix m\u00e9s\u00bb<\/a><\/p>\n","protected":false},"author":1,"featured_media":3081,"comment_status":"open","ping_status":"open","sticky":false,"template":"","format":"standard","meta":{"_bbp_topic_count":0,"_bbp_reply_count":0,"_bbp_total_topic_count":0,"_bbp_total_reply_count":0,"_bbp_voice_count":0,"_bbp_anonymous_reply_count":0,"_bbp_topic_count_hidden":0,"_bbp_reply_count_hidden":0,"_bbp_forum_subforum_count":0,"footnotes":""},"categories":[86,85],"tags":[],"class_list":["post-3073","post","type-post","status-publish","format-standard","has-post-thumbnail","hentry","category-blog","category-escola-estebe-barrachina"],"post_mailing_queue_ids":[],"_links":{"self":[{"href":"https:\/\/agora.xtec.cat\/escolaestevebarrachina\/wp-json\/wp\/v2\/posts\/3073","targetHints":{"allow":["GET"]}}],"collection":[{"href":"https:\/\/agora.xtec.cat\/escolaestevebarrachina\/wp-json\/wp\/v2\/posts"}],"about":[{"href":"https:\/\/agora.xtec.cat\/escolaestevebarrachina\/wp-json\/wp\/v2\/types\/post"}],"author":[{"embeddable":true,"href":"https:\/\/agora.xtec.cat\/escolaestevebarrachina\/wp-json\/wp\/v2\/users\/1"}],"replies":[{"embeddable":true,"href":"https:\/\/agora.xtec.cat\/escolaestevebarrachina\/wp-json\/wp\/v2\/comments?post=3073"}],"version-history":[{"count":0,"href":"https:\/\/agora.xtec.cat\/escolaestevebarrachina\/wp-json\/wp\/v2\/posts\/3073\/revisions"}],"wp:featuredmedia":[{"embeddable":true,"href":"https:\/\/agora.xtec.cat\/escolaestevebarrachina\/wp-json\/"}],"wp:attachment":[{"href":"https:\/\/agora.xtec.cat\/escolaestevebarrachina\/wp-json\/wp\/v2\/media?parent=3073"}],"wp:term":[{"taxonomy":"category","embeddable":true,"href":"https:\/\/agora.xtec.cat\/escolaestevebarrachina\/wp-json\/wp\/v2\/categories?post=3073"},{"taxonomy":"post_tag","embeddable":true,"href":"https:\/\/agora.xtec.cat\/escolaestevebarrachina\/wp-json\/wp\/v2\/tags?post=3073"}],"curies":[{"name":"wp","href":"https:\/\/api.w.org\/{rel}","templated":true}]}}