{"id":3063,"date":"2018-05-02T11:25:39","date_gmt":"2018-05-02T09:25:39","guid":{"rendered":"http:\/\/primaria.escolaestevebarrachina.cat\/?p=3063"},"modified":"2018-05-02T11:25:39","modified_gmt":"2018-05-02T09:25:39","slug":"colonies-6e-2018","status":"publish","type":"post","link":"https:\/\/agora.xtec.cat\/escolaestevebarrachina\/general\/colonies-6e-2018\/","title":{"rendered":"COL\u00d2NIES 6\u00e8 2018"},"content":{"rendered":"<p>Les col\u00f2nies escolars d\u2019enguany per als nostres alumnes de 6\u00e8 han sigut tot un \u00e8xit. Amb un temps de somni, la nostra visita a la casa de col\u00f2nies \u201cEl Collell\u201d els ha fet gaudir de la natura amb un entorn espectacular, on di\u00e0riament desenvolupaven activitats esportives, d\u2019aventura i treball cooperatiu.<\/p>\n<p><img loading=\"lazy\" decoding=\"async\" class=\"aligncenter wp-image-3064\" src=\"http:\/\/primaria.escolaestevebarrachina.cat\/wp-content\/uploads\/2018\/05\/IMG_20180427_140423_255-300x225.jpg\" alt=\"\" width=\"453\" height=\"340\" \/><\/p>\n<p>La conviv\u00e8ncia entre companys ens ha deixat bocabadats potenciant el coneixement i l\u2019aprenentatge d\u2019una manera l\u00fadica.<\/p>\n<p><img loading=\"lazy\" decoding=\"async\" class=\"size-medium wp-image-3066 alignleft\" src=\"http:\/\/primaria.escolaestevebarrachina.cat\/wp-content\/uploads\/2018\/05\/IMG-20180427-WA0074-300x225.jpg\" alt=\"\" width=\"300\" height=\"225\" \/> <img loading=\"lazy\" decoding=\"async\" class=\"wp-image-3067 alignleft\" src=\"http:\/\/primaria.escolaestevebarrachina.cat\/wp-content\/uploads\/2018\/05\/IMG-20180427-WA0063-225x300.jpg\" alt=\"\" width=\"164\" height=\"219\" \/> <img loading=\"lazy\" decoding=\"async\" class=\"size-medium wp-image-3068 alignleft\" src=\"http:\/\/primaria.escolaestevebarrachina.cat\/wp-content\/uploads\/2018\/05\/IMG_20180426_082936_020-300x225.jpg\" alt=\"\" width=\"300\" height=\"225\" \/><\/p>\n<p>Karts de pedals, roc\u00f2drom, l\u00e0ser tag, ruta amb bicicleta o h\u00edpica s\u00f3n algunes de les activitats de les quals hem gaudit en un entorn privilegiat de natura i tranquil\u00b7litat.<\/p>\n<p><img loading=\"lazy\" decoding=\"async\" class=\"wp-image-3070 alignleft\" src=\"http:\/\/primaria.escolaestevebarrachina.cat\/wp-content\/uploads\/2018\/05\/IMG_20180425_175313_617-300x225.jpg\" alt=\"\" width=\"235\" height=\"176\" \/><img loading=\"lazy\" decoding=\"async\" class=\"wp-image-3069 alignright\" src=\"http:\/\/primaria.escolaestevebarrachina.cat\/wp-content\/uploads\/2018\/05\/IMG_20180425_172545_625-225x300.jpg\" alt=\"\" width=\"143\" height=\"191\" \/> <img loading=\"lazy\" decoding=\"async\" class=\"wp-image-3071 alignnone\" src=\"http:\/\/primaria.escolaestevebarrachina.cat\/wp-content\/uploads\/2018\/05\/IMG_20180425_162534_531-300x225.jpg\" alt=\"\" width=\"240\" height=\"180\" \/><\/p>\n<p><span style=\"border-radius: 2px; text-indent: 20px; width: auto; padding: 0px 4px 0px 0px; text-align: center; font: bold 11px\/20px 'Helvetica Neue',Helvetica,sans-serif; color: #ffffff; background: #bd081c  no-repeat scroll 3px 50% \/ 14px 14px; position: absolute; opacity: 1; z-index: 8675309; display: none; cursor: pointer;\">Guardar<\/span><\/p>\n","protected":false},"excerpt":{"rendered":"<p>Les col\u00f2nies escolars d\u2019enguany per als nostres alumnes de 6\u00e8 han sigut tot un \u00e8xit. Amb un temps de somni, la nostra visita a la casa de col\u00f2nies \u201cEl Collell\u201d els ha fet gaudir de la natura amb un entorn espectacular, on di\u00e0riament desenvolupaven activitats&hellip;  <a href=\"https:\/\/agora.xtec.cat\/escolaestevebarrachina\/general\/colonies-6e-2018\/\" title=\"Read COL\u00d2NIES 6\u00e8 2018\">Llegeix m\u00e9s\u00bb<\/a><\/p>\n","protected":false},"author":1,"featured_media":0,"comment_status":"open","ping_status":"open","sticky":false,"template":"","format":"standard","meta":{"_bbp_topic_count":0,"_bbp_reply_count":0,"_bbp_total_topic_count":0,"_bbp_total_reply_count":0,"_bbp_voice_count":0,"_bbp_anonymous_reply_count":0,"_bbp_topic_count_hidden":0,"_bbp_reply_count_hidden":0,"_bbp_forum_subforum_count":0,"footnotes":""},"categories":[86,92,157,1,145],"tags":[],"class_list":["post-3063","post","type-post","status-publish","format-standard","hentry","category-blog","category-cicle-superior","category-colonies","category-general","category-primaria"],"post_mailing_queue_ids":[],"_links":{"self":[{"href":"https:\/\/agora.xtec.cat\/escolaestevebarrachina\/wp-json\/wp\/v2\/posts\/3063","targetHints":{"allow":["GET"]}}],"collection":[{"href":"https:\/\/agora.xtec.cat\/escolaestevebarrachina\/wp-json\/wp\/v2\/posts"}],"about":[{"href":"https:\/\/agora.xtec.cat\/escolaestevebarrachina\/wp-json\/wp\/v2\/types\/post"}],"author":[{"embeddable":true,"href":"https:\/\/agora.xtec.cat\/escolaestevebarrachina\/wp-json\/wp\/v2\/users\/1"}],"replies":[{"embeddable":true,"href":"https:\/\/agora.xtec.cat\/escolaestevebarrachina\/wp-json\/wp\/v2\/comments?post=3063"}],"version-history":[{"count":0,"href":"https:\/\/agora.xtec.cat\/escolaestevebarrachina\/wp-json\/wp\/v2\/posts\/3063\/revisions"}],"wp:attachment":[{"href":"https:\/\/agora.xtec.cat\/escolaestevebarrachina\/wp-json\/wp\/v2\/media?parent=3063"}],"wp:term":[{"taxonomy":"category","embeddable":true,"href":"https:\/\/agora.xtec.cat\/escolaestevebarrachina\/wp-json\/wp\/v2\/categories?post=3063"},{"taxonomy":"post_tag","embeddable":true,"href":"https:\/\/agora.xtec.cat\/escolaestevebarrachina\/wp-json\/wp\/v2\/tags?post=3063"}],"curies":[{"name":"wp","href":"https:\/\/api.w.org\/{rel}","templated":true}]}}