{"id":3055,"date":"2018-04-20T16:21:37","date_gmt":"2018-04-20T14:21:37","guid":{"rendered":"http:\/\/primaria.escolaestevebarrachina.cat\/?p=3055"},"modified":"2018-04-20T16:21:37","modified_gmt":"2018-04-20T14:21:37","slug":"excursio-a-les-coves-de-lespluga-de-francoli-4t","status":"publish","type":"post","link":"https:\/\/agora.xtec.cat\/escolaestevebarrachina\/general\/excursio-a-les-coves-de-lespluga-de-francoli-4t\/","title":{"rendered":"Excursi\u00f3 a les coves de l&#8217;Espluga de Francol\u00ed de 4t"},"content":{"rendered":"<p>Els nens de quart hem anat d&#8217;excursi\u00f3 a les coves de Font Major, i hem fet un taller de pintures prehist\u00f2riques.<\/p>\n<p>Ens ho hem passat molt b\u00e9!<\/p>\n<p>Podeu veure un v\u00eddeo de l&#8217;excursi\u00f3 clicant <a href=\"https:\/\/www.flickr.com\/photos\/105651434@N04\/39772947120\/in\/dateposted-public\/\">aqu\u00ed<\/a>.<\/p>\n<p>&nbsp;<\/p>\n<p><img loading=\"lazy\" decoding=\"async\" class=\"aligncenter size-medium wp-image-3058\" src=\"http:\/\/primaria.escolaestevebarrachina.cat\/wp-content\/uploads\/2018\/04\/Cova-Font-Major-300x200.jpg\" alt=\"\" width=\"300\" height=\"200\" \/><\/p>\n<p>&nbsp;<\/p>\n","protected":false},"excerpt":{"rendered":"<p>Els nens de quart hem anat d&#8217;excursi\u00f3 a les coves de Font Major, i hem fet un taller de pintures prehist\u00f2riques.<br \/>\nEns ho hem passat molt b\u00e9!<br \/>\nPodeu veure un v\u00eddeo de l&#8217;excursi\u00f3 clicant <a href=\"https:\/\/www.flickr.com\/photos\/105651434@N04\/39772947120\/in\/dateposted-public\/\">aqu\u00ed<\/a>.<br \/>\n&nbsp;<\/p>\n<p>&nbsp;<\/p>\n","protected":false},"author":1,"featured_media":0,"comment_status":"open","ping_status":"open","sticky":false,"template":"","format":"standard","meta":{"_bbp_topic_count":0,"_bbp_reply_count":0,"_bbp_total_topic_count":0,"_bbp_total_reply_count":0,"_bbp_voice_count":0,"_bbp_anonymous_reply_count":0,"_bbp_topic_count_hidden":0,"_bbp_reply_count_hidden":0,"_bbp_forum_subforum_count":0,"footnotes":""},"categories":[86,99,1,145],"tags":[],"class_list":["post-3055","post","type-post","status-publish","format-standard","hentry","category-blog","category-cicle-mitja","category-general","category-primaria"],"post_mailing_queue_ids":[],"_links":{"self":[{"href":"https:\/\/agora.xtec.cat\/escolaestevebarrachina\/wp-json\/wp\/v2\/posts\/3055","targetHints":{"allow":["GET"]}}],"collection":[{"href":"https:\/\/agora.xtec.cat\/escolaestevebarrachina\/wp-json\/wp\/v2\/posts"}],"about":[{"href":"https:\/\/agora.xtec.cat\/escolaestevebarrachina\/wp-json\/wp\/v2\/types\/post"}],"author":[{"embeddable":true,"href":"https:\/\/agora.xtec.cat\/escolaestevebarrachina\/wp-json\/wp\/v2\/users\/1"}],"replies":[{"embeddable":true,"href":"https:\/\/agora.xtec.cat\/escolaestevebarrachina\/wp-json\/wp\/v2\/comments?post=3055"}],"version-history":[{"count":0,"href":"https:\/\/agora.xtec.cat\/escolaestevebarrachina\/wp-json\/wp\/v2\/posts\/3055\/revisions"}],"wp:attachment":[{"href":"https:\/\/agora.xtec.cat\/escolaestevebarrachina\/wp-json\/wp\/v2\/media?parent=3055"}],"wp:term":[{"taxonomy":"category","embeddable":true,"href":"https:\/\/agora.xtec.cat\/escolaestevebarrachina\/wp-json\/wp\/v2\/categories?post=3055"},{"taxonomy":"post_tag","embeddable":true,"href":"https:\/\/agora.xtec.cat\/escolaestevebarrachina\/wp-json\/wp\/v2\/tags?post=3055"}],"curies":[{"name":"wp","href":"https:\/\/api.w.org\/{rel}","templated":true}]}}