{"id":3051,"date":"2018-03-22T16:21:51","date_gmt":"2018-03-22T15:21:51","guid":{"rendered":"http:\/\/primaria.escolaestevebarrachina.cat\/?p=3051"},"modified":"2018-03-22T16:21:51","modified_gmt":"2018-03-22T15:21:51","slug":"recapte-daliments-de-cicle-mitja","status":"publish","type":"post","link":"https:\/\/agora.xtec.cat\/escolaestevebarrachina\/general\/recapte-daliments-de-cicle-mitja\/","title":{"rendered":"Recapte d&#8217;aliments de cicle mitj\u00e0"},"content":{"rendered":"<p>Aquest any en les Jornades Solid\u00e0ries, referides al voluntariat, els alumnes de tercer i quart vam decidir fer un recapte d&#8217;aliments.<\/p>\n<p>Vam dissenyar el cartell, el vam distribuir, vam anar a la r\u00e0dio, i vam recollir els aliments. Despr\u00e9s a l&#8217;aula vam fer un recompte de tots els aliments recollits i ho vam dibuixar en un gr\u00e0fic de barres.<\/p>\n<p>MOLTES GR\u00c0CIES per la vostra solidaritat!<\/p>\n<p>Podeu veure un v\u00eddeo de la nostra feina <a href=\"https:\/\/www.flickr.com\/photos\/105651434@N04\/40952722901\/in\/dateposted-public\/\">aqu\u00ed<\/a>.<\/p>\n<p><img loading=\"lazy\" decoding=\"async\" class=\"aligncenter size-medium wp-image-3052\" src=\"http:\/\/primaria.escolaestevebarrachina.cat\/wp-content\/uploads\/2018\/03\/foto-recapte-300x200.jpg\" alt=\"\" width=\"300\" height=\"200\" \/>(Aquesta entrada ha estat realitzada pels nens de quart.)<\/p>\n","protected":false},"excerpt":{"rendered":"<p>Aquest any en les Jornades Solid\u00e0ries, referides al voluntariat, els alumnes de tercer i quart vam decidir fer un recapte d&#8217;aliments.<br \/>\nVam dissenyar el cartell, el vam distribuir, vam anar a la r\u00e0dio, i vam recollir els aliments. Despr\u00e9s a l&#8217;aula vam fer un recompte de&hellip;  <a href=\"https:\/\/agora.xtec.cat\/escolaestevebarrachina\/general\/recapte-daliments-de-cicle-mitja\/\" title=\"Read Recapte d&#8217;aliments de cicle mitj\u00e0\">Llegeix m\u00e9s\u00bb<\/a><\/p>\n","protected":false},"author":1,"featured_media":0,"comment_status":"open","ping_status":"open","sticky":false,"template":"","format":"standard","meta":{"_bbp_topic_count":0,"_bbp_reply_count":0,"_bbp_total_topic_count":0,"_bbp_total_reply_count":0,"_bbp_voice_count":0,"_bbp_anonymous_reply_count":0,"_bbp_topic_count_hidden":0,"_bbp_reply_count_hidden":0,"_bbp_forum_subforum_count":0,"footnotes":""},"categories":[84,86,99,1,145],"tags":[],"class_list":["post-3051","post","type-post","status-publish","format-standard","hentry","category-activitats-del-centre","category-blog","category-cicle-mitja","category-general","category-primaria"],"post_mailing_queue_ids":[],"_links":{"self":[{"href":"https:\/\/agora.xtec.cat\/escolaestevebarrachina\/wp-json\/wp\/v2\/posts\/3051","targetHints":{"allow":["GET"]}}],"collection":[{"href":"https:\/\/agora.xtec.cat\/escolaestevebarrachina\/wp-json\/wp\/v2\/posts"}],"about":[{"href":"https:\/\/agora.xtec.cat\/escolaestevebarrachina\/wp-json\/wp\/v2\/types\/post"}],"author":[{"embeddable":true,"href":"https:\/\/agora.xtec.cat\/escolaestevebarrachina\/wp-json\/wp\/v2\/users\/1"}],"replies":[{"embeddable":true,"href":"https:\/\/agora.xtec.cat\/escolaestevebarrachina\/wp-json\/wp\/v2\/comments?post=3051"}],"version-history":[{"count":0,"href":"https:\/\/agora.xtec.cat\/escolaestevebarrachina\/wp-json\/wp\/v2\/posts\/3051\/revisions"}],"wp:attachment":[{"href":"https:\/\/agora.xtec.cat\/escolaestevebarrachina\/wp-json\/wp\/v2\/media?parent=3051"}],"wp:term":[{"taxonomy":"category","embeddable":true,"href":"https:\/\/agora.xtec.cat\/escolaestevebarrachina\/wp-json\/wp\/v2\/categories?post=3051"},{"taxonomy":"post_tag","embeddable":true,"href":"https:\/\/agora.xtec.cat\/escolaestevebarrachina\/wp-json\/wp\/v2\/tags?post=3051"}],"curies":[{"name":"wp","href":"https:\/\/api.w.org\/{rel}","templated":true}]}}