{"id":3022,"date":"2015-05-02T17:55:18","date_gmt":"2015-05-02T15:55:18","guid":{"rendered":"https:\/\/escolaestevebarrachina.cat\/?p=3022"},"modified":"2015-05-02T17:55:18","modified_gmt":"2015-05-02T15:55:18","slug":"cantata-el-ratoli-electronic","status":"publish","type":"post","link":"https:\/\/agora.xtec.cat\/escolaestevebarrachina\/activitats-del-centre\/cantata-el-ratoli-electronic\/","title":{"rendered":"Cantata &#8220;El Ratol\u00ed electr\u00f2nic&#8221;"},"content":{"rendered":"<p>El passat dia 29 d&#8217;abril, a les 11h del mat\u00ed als Jardins del Retiro, l&#8217;alumnat de 4t del nostre centre, juntament amb nens i nenes de l&#8217; escola Miquel Utrillo i l&#8217;escola Pia de Sitges van fer la cantata &#8220;El Ratol\u00ed electr\u00f2nic amb el suport de l&#8217;escola Municipal de M\u00fasica &#8220;Montserrat Almirall&#8221;.<\/p>\n<p>La cantata ens explica les perip\u00e8cies que passen dos personatges: un nen, en Joaquim i el seu ratol\u00ed electr\u00f2nic;\u00a0 sobretot, un episodi molt especial despr\u00e9s del qual va sorgir entre ells una amistat que perdura en el temps. Indirectament, la hist\u00f2ria tamb\u00e9 ens parla de conflictes i angoixes quotidianes, de les \u00e0nsies de llibertat i del dret de totes les persones a tenir una vida digna.<\/p>\n","protected":false},"excerpt":{"rendered":"<p>El passat dia 29 d&#8217;abril, a les 11h del mat\u00ed als Jardins del Retiro, l&#8217;alumnat de 4t del nostre centre, juntament amb nens i nenes de l&#8217; escola Miquel Utrillo i l&#8217;escola Pia de Sitges van fer la cantata &#8220;El Ratol\u00ed electr\u00f2nic amb el suport&hellip;  <a href=\"https:\/\/agora.xtec.cat\/escolaestevebarrachina\/activitats-del-centre\/cantata-el-ratoli-electronic\/\" title=\"Read Cantata &#8220;El Ratol\u00ed electr\u00f2nic&#8221;\">Llegeix m\u00e9s\u00bb<\/a><\/p>\n","protected":false},"author":1,"featured_media":3023,"comment_status":"open","ping_status":"open","sticky":false,"template":"","format":"standard","meta":{"_bbp_topic_count":0,"_bbp_reply_count":0,"_bbp_total_topic_count":0,"_bbp_total_reply_count":0,"_bbp_voice_count":0,"_bbp_anonymous_reply_count":0,"_bbp_topic_count_hidden":0,"_bbp_reply_count_hidden":0,"_bbp_forum_subforum_count":0,"footnotes":""},"categories":[84,86,99],"tags":[133],"class_list":["post-3022","post","type-post","status-publish","format-standard","has-post-thumbnail","hentry","category-activitats-del-centre","category-blog","category-cicle-mitja","tag-cantata"],"post_mailing_queue_ids":[],"_links":{"self":[{"href":"https:\/\/agora.xtec.cat\/escolaestevebarrachina\/wp-json\/wp\/v2\/posts\/3022","targetHints":{"allow":["GET"]}}],"collection":[{"href":"https:\/\/agora.xtec.cat\/escolaestevebarrachina\/wp-json\/wp\/v2\/posts"}],"about":[{"href":"https:\/\/agora.xtec.cat\/escolaestevebarrachina\/wp-json\/wp\/v2\/types\/post"}],"author":[{"embeddable":true,"href":"https:\/\/agora.xtec.cat\/escolaestevebarrachina\/wp-json\/wp\/v2\/users\/1"}],"replies":[{"embeddable":true,"href":"https:\/\/agora.xtec.cat\/escolaestevebarrachina\/wp-json\/wp\/v2\/comments?post=3022"}],"version-history":[{"count":0,"href":"https:\/\/agora.xtec.cat\/escolaestevebarrachina\/wp-json\/wp\/v2\/posts\/3022\/revisions"}],"wp:featuredmedia":[{"embeddable":true,"href":"https:\/\/agora.xtec.cat\/escolaestevebarrachina\/wp-json\/"}],"wp:attachment":[{"href":"https:\/\/agora.xtec.cat\/escolaestevebarrachina\/wp-json\/wp\/v2\/media?parent=3022"}],"wp:term":[{"taxonomy":"category","embeddable":true,"href":"https:\/\/agora.xtec.cat\/escolaestevebarrachina\/wp-json\/wp\/v2\/categories?post=3022"},{"taxonomy":"post_tag","embeddable":true,"href":"https:\/\/agora.xtec.cat\/escolaestevebarrachina\/wp-json\/wp\/v2\/tags?post=3022"}],"curies":[{"name":"wp","href":"https:\/\/api.w.org\/{rel}","templated":true}]}}