{"id":2998,"date":"2015-05-01T21:57:16","date_gmt":"2015-05-01T19:57:16","guid":{"rendered":"https:\/\/escolaestevebarrachina.cat\/?p=2998"},"modified":"2015-05-01T21:57:16","modified_gmt":"2015-05-01T19:57:16","slug":"diada-de-sant-jordi-2015","status":"publish","type":"post","link":"https:\/\/agora.xtec.cat\/escolaestevebarrachina\/activitats-del-centre\/diada-de-sant-jordi-2015\/","title":{"rendered":"Diada de Sant Jordi 2015"},"content":{"rendered":"<p><strong>A la nostra escola hem viscut la Diada de Sant Jordi<\/strong> cada dia de la Setmana.<\/p>\n<p>Els m\u00e9s petits de l&#8217;escola han transformat els passadissos d&#8217;infantil en una aut\u00e8ntica primavera. Gaireb\u00e9 sents l&#8217;olor de les seves flors fetes amb molta paci\u00e8ncia. Ara b\u00e9, passejar pel passad\u00eds del cicle inicial feia una mica de basarda, no fos que algun drac et mossegu\u00e9s un dit&#8230; o el nas.<\/p>\n<p>A l&#8217;hora del pati, a la biblioteca i durant tota la setmana s&#8217; han explicat contes de la llegenda de Sant Jordi en diferents versions. La veritat \u00e9s que ara tinc un gran embolic al cap, ja no s\u00e9 si va ser Sant Jordi qui va salvar la princesa, o si la princesa va salvar el Drac, o si el drac es va menjar Sant Jordi, o si,&#8230;b\u00e9 deixem-ho estar.<\/p>\n<p>La traca final, per\u00f2 de la gran Diada, ha estat el mateix dia en que tots els \u201cJordis\u201d i les \u201cGeorgines\u201d celebren el seu Sant: el 23 d&#8217;abril. Pel mat\u00ed hem esmorzat una exquisida xocolata feta per les cuineress de T\u00e0ndem, mmm! Qu\u00e8 bona!!!&#8230; i per la tarda hem viscut molt emotivament l&#8217;Entrega de premis de la XXXVII\u00aa edici\u00f3 dels Jocs Florals de l&#8217;Escola Esteve Barrachina.<\/p>\n<p>L&#8217;Esteve ha fet de Mestre de Cerim\u00f2nies de l&#8217;acte; i la princesa , Sant Jordi i el Drac ens han contat la hist\u00f2ria tal i com realment va succeir , que pel que sembla no fou com sempre ens l&#8217;han explicat.<\/p>\n<p><a href=\"https:\/\/escolaestevebarrachina.cat\/wp-content\/uploads\/2015\/05\/Personatges.jpg\"><img loading=\"lazy\" decoding=\"async\" class=\"alignnone size-full wp-image-3013\" src=\"https:\/\/escolaestevebarrachina.cat\/wp-content\/uploads\/2015\/05\/Personatges.jpg\" alt=\"Personatges\" width=\"2000\" height=\"2000\" \/><\/a><\/p>\n<p>Els vertaders protagonistes per\u00f2, han estat tots els nens i nenes premiats amb llibres i un diploma dissenyat per a l&#8217;ocasi\u00f3 pel Sr. <strong>Juanma Reyes<\/strong> a qui volem donar el nostre m\u00e9s sincer agra\u00efment.<br \/>\nTamb\u00e9 volem donar les gr\u00e0cies als nens i nenes que han acompanyat musicalment l&#8217;acte: La Clara Cosculluela i la J\u00falia Hollermeier als violoncels; la Lara Gibney al Viol\u00ed;\u00a0la Lucia Duran, el Josep M\u00aa Palma i la Lluna Alsina al piano; i el Liam Gibney a la guitarra. No podem oblidar al grup de m\u00fasica <strong>\u201cElegib\u00f3\u201d<\/strong> per permetre&#8217;ns posar el s\u00f3 a la diada, a l&#8217;AMPA per la seva col.laboraci\u00f3, al Juanca i al Xavi pel seu temps, i a totes les persones que directa o indirectament han fet possible aquesta fant\u00e0stica diada.<\/p>\n<p><a href=\"https:\/\/escolaestevebarrachina.cat\/wp-content\/uploads\/2015\/05\/Musics.jpg\"><img loading=\"lazy\" decoding=\"async\" class=\"alignnone size-full wp-image-3010\" src=\"https:\/\/escolaestevebarrachina.cat\/wp-content\/uploads\/2015\/05\/Musics.jpg\" alt=\"Musics\" width=\"851\" height=\"315\" \/><\/a><\/p>\n<p>Abans de marxar El Drac , la Princesa i Sant Jordi han volgut fer entrega d&#8217;un lot de llibres a l&#8217;alumnat d&#8217;infantil<\/p>\n<p><a href=\"https:\/\/escolaestevebarrachina.cat\/wp-content\/uploads\/2015\/05\/Premis-infantil.jpg\"><img loading=\"lazy\" decoding=\"async\" class=\"alignnone size-full wp-image-3002\" src=\"https:\/\/escolaestevebarrachina.cat\/wp-content\/uploads\/2015\/05\/Premis-infantil.jpg\" alt=\"Premis infantil\" width=\"2000\" height=\"2000\" \/><\/a><\/p>\n<p><strong>Als nens i nenes de primer que han elaborat \u201cRodolins<\/strong>\u201d<\/p>\n<p>I finalment <strong>als nens i nenes de segon que han desafiat el nostre enginy, convidant-nos a resoldre misterioses endevinalles!<\/strong><\/p>\n<p><a href=\"https:\/\/escolaestevebarrachina.cat\/wp-content\/uploads\/2015\/05\/Premis-inicial.jpg\"><img loading=\"lazy\" decoding=\"async\" class=\"alignnone size-full wp-image-3003\" src=\"https:\/\/escolaestevebarrachina.cat\/wp-content\/uploads\/2015\/05\/Premis-inicial.jpg\" alt=\"Premis inicial\" width=\"3000\" height=\"1500\" \/><\/a><\/p>\n<p>Despr\u00e9s i abans d&#8217;acabar l&#8217;acte, l&#8217;alumnat de sis\u00e8, la Kimberly Fanou, La Duna Bofill, el Marc Rodr\u00edguez, el Ram\u00f3n Berjaga, la Vinyet Carbonell i el Justin Javillonar han fet pujar classe per classe els guanyadors per modalitat i categoria.<\/p>\n<p><a href=\"https:\/\/escolaestevebarrachina.cat\/wp-content\/uploads\/2015\/05\/Sis\u00e8.jpg\"><img loading=\"lazy\" decoding=\"async\" class=\"alignnone size-full wp-image-3006\" src=\"https:\/\/escolaestevebarrachina.cat\/wp-content\/uploads\/2015\/05\/Sis\u00e8.jpg\" alt=\"Sis\u00e8\" width=\"3000\" height=\"1500\" \/><\/a><\/p>\n<p><strong>A tercer, modalitat: narraci\u00f3 curta<\/strong>. Guanyadors:<br \/>\n<strong>3rA<\/strong> Premi \u201cCreativitat\u201d: Lucas Varea; Premi \u201cFormiga d&#8217;Or\u201d: Anna del Moral; Premi \u201cGlobalitat\u201d Alejandro Gen\u00e9.<\/p>\n<p><a href=\"https:\/\/escolaestevebarrachina.cat\/wp-content\/uploads\/2015\/05\/tercer-A.jpg\"><img loading=\"lazy\" decoding=\"async\" class=\"alignnone size-full wp-image-3008\" src=\"https:\/\/escolaestevebarrachina.cat\/wp-content\/uploads\/2015\/05\/tercer-A.jpg\" alt=\"tercer A\" width=\"3000\" height=\"1500\" \/><\/a><\/p>\n<p><strong>3rB<\/strong> Premi \u201cCreativitat\u201d: Bruna Mart\u00ednez, Premi \u201cFormiga d&#8217;Or\u201d: Gabi Garc\u00edal; Premi \u201cGlobalitat\u201d Ernest Soler i \u201cPremi sense Fonteres\u201d per a la Bianca Iuliana.<\/p>\n<p><a href=\"https:\/\/escolaestevebarrachina.cat\/wp-content\/uploads\/2015\/05\/Tercer-B.jpg\"><img loading=\"lazy\" decoding=\"async\" class=\"alignnone size-full wp-image-3009\" src=\"https:\/\/escolaestevebarrachina.cat\/wp-content\/uploads\/2015\/05\/Tercer-B.jpg\" alt=\"Tercer B\" width=\"3000\" height=\"1500\" \/><\/a><\/p>\n<p><strong>A quart modalitat: Cal.ligrama<\/strong>. Guaynadors:<br \/>\n<strong>4tA<\/strong> Premi \u201cCreativitat\u201d: Miriam S\u00e1nchez; Premi \u201cFormiga d&#8217;Or\u201d: Aura Maldonado; Premi \u201cGlobalitat\u201d Francisco Gamero.<\/p>\n<p><a href=\"https:\/\/escolaestevebarrachina.cat\/wp-content\/uploads\/2015\/05\/Premis-4tA.jpg\"><img loading=\"lazy\" decoding=\"async\" class=\"alignnone size-full wp-image-3014\" src=\"https:\/\/escolaestevebarrachina.cat\/wp-content\/uploads\/2015\/05\/Premis-4tA.jpg\" alt=\"Premis 4tA\" width=\"3000\" height=\"1500\" \/><\/a><\/p>\n<p><strong>4tB<\/strong> Premi \u201cCreativitat\u201d: Sergi Song; Premi \u201cFormiga d&#8217;Or\u201d: Claudia Villanueva; Premi \u201cGlobalitat\u201d J\u00falia Andreu.<\/p>\n<p><a href=\"https:\/\/escolaestevebarrachina.cat\/wp-content\/uploads\/2015\/05\/premis-4tB.jpg\"><img loading=\"lazy\" decoding=\"async\" class=\"alignnone size-full wp-image-3015\" src=\"https:\/\/escolaestevebarrachina.cat\/wp-content\/uploads\/2015\/05\/premis-4tB.jpg\" alt=\"premis 4tB\" width=\"3000\" height=\"1500\" \/><\/a><\/p>\n<p><strong>A cinqu\u00e9, modalitat: C\u00f2mic<\/strong>. Guanyadors<br \/>\n<strong>5\u00e8A<\/strong> Premi \u201cCreativitat\u201d:Anna Oll\u00e9; Premi \u201cFormiga d&#8217;Or\u201d: Marta M\u00aa Raiteri; Premi \u201cGlobalitat\u201d Mar Trilla.<\/p>\n<p><a href=\"https:\/\/escolaestevebarrachina.cat\/wp-content\/uploads\/2015\/05\/premis-5\u00e8A.jpg\"><img loading=\"lazy\" decoding=\"async\" class=\"alignnone size-full wp-image-3016\" src=\"https:\/\/escolaestevebarrachina.cat\/wp-content\/uploads\/2015\/05\/premis-5\u00e8A.jpg\" alt=\"premis 5\u00e8A\" width=\"3000\" height=\"1500\" \/><\/a><\/p>\n<p><strong>5\u00e8B<\/strong> Premi \u201cCreativitat\u201d: Sergi Rub\u00ed; Premi \u201cFormiga d&#8217;Or\u201d: Anna Nicol\u00e1s; Premi \u201cGlobalitat\u201d Morgan Schockert. I Premi \u201cSense Fronteres\u201d per a Astou Diop.<\/p>\n<p><a href=\"https:\/\/escolaestevebarrachina.cat\/wp-content\/uploads\/2015\/05\/premis-5\u00e8B.jpg\"><img loading=\"lazy\" decoding=\"async\" class=\"alignnone size-full wp-image-3001\" src=\"https:\/\/escolaestevebarrachina.cat\/wp-content\/uploads\/2015\/05\/premis-5\u00e8B.jpg\" alt=\"premis 5\u00e8B\" width=\"3000\" height=\"1000\" \/><\/a><\/p>\n<p><strong>A sis\u00e8, modalitat Poesia<\/strong>. Guanyadors:<br \/>\n<strong>6\u00e8A<\/strong> Premi \u201cCreativitat\u201d: Yeray Cuenca; Premi \u201cFormiga d&#8217;Or\u201d: Martina Corts; Premi \u201cGlobalitat\u201d Paula Amaya.<\/p>\n<p><a href=\"https:\/\/escolaestevebarrachina.cat\/wp-content\/uploads\/2015\/05\/sis\u00e8-A.jpg\"><img loading=\"lazy\" decoding=\"async\" class=\"alignnone size-full wp-image-3007\" src=\"https:\/\/escolaestevebarrachina.cat\/wp-content\/uploads\/2015\/05\/sis\u00e8-A.jpg\" alt=\"sis\u00e8 A\" width=\"3000\" height=\"1500\" \/><\/a><\/p>\n<p><strong>6\u00e8B<\/strong> Premi \u201cCreativitat\u201d: Laia Martos; Premi \u201cFormiga d&#8217;Or\u201d: Luana Saccol; Premi \u201cGlobalitat\u201d Lara Gibney.<\/p>\n<p><a href=\"https:\/\/escolaestevebarrachina.cat\/wp-content\/uploads\/2015\/05\/premis-sis\u00e8-B.jpg\"><img loading=\"lazy\" decoding=\"async\" class=\"alignnone size-full wp-image-3004\" src=\"https:\/\/escolaestevebarrachina.cat\/wp-content\/uploads\/2015\/05\/premis-sis\u00e8-B.jpg\" alt=\"premis sis\u00e8 B\" width=\"3307\" height=\"1500\" \/><\/a><\/p>\n<p><strong>6\u00e8C<\/strong> Premi \u201cCreativitat\u201d: Martina Franco; Premi \u201cFormiga d&#8217;Or\u201d: Amal Maimouni; Premi \u201cGlobalitat\u201d Mireia Mart\u00ednez.<\/p>\n<p><a href=\"https:\/\/escolaestevebarrachina.cat\/wp-content\/uploads\/2015\/05\/premis-sise-C.jpg\"><img loading=\"lazy\" decoding=\"async\" class=\"alignnone size-full wp-image-3005\" src=\"https:\/\/escolaestevebarrachina.cat\/wp-content\/uploads\/2015\/05\/premis-sise-C.jpg\" alt=\"premis sise C\" width=\"3000\" height=\"1500\" \/><\/a><\/p>\n","protected":false},"excerpt":{"rendered":"<p>A la nostra escola hem viscut la Diada de Sant Jordi cada dia de la Setmana.<br \/>\nEls m\u00e9s petits de l&#8217;escola han transformat els passadissos d&#8217;infantil en una aut\u00e8ntica primavera. Gaireb\u00e9 sents l&#8217;olor de les seves flors fetes amb molta paci\u00e8ncia. Ara b\u00e9, passejar pel passad\u00eds&hellip;  <a href=\"https:\/\/agora.xtec.cat\/escolaestevebarrachina\/activitats-del-centre\/diada-de-sant-jordi-2015\/\" title=\"Read Diada de Sant Jordi 2015\">Llegeix m\u00e9s\u00bb<\/a><\/p>\n","protected":false},"author":1,"featured_media":2999,"comment_status":"open","ping_status":"open","sticky":false,"template":"","format":"standard","meta":{"_bbp_topic_count":0,"_bbp_reply_count":0,"_bbp_total_topic_count":0,"_bbp_total_reply_count":0,"_bbp_voice_count":0,"_bbp_anonymous_reply_count":0,"_bbp_topic_count_hidden":0,"_bbp_reply_count_hidden":0,"_bbp_forum_subforum_count":0,"footnotes":""},"categories":[84,86,131],"tags":[132],"class_list":["post-2998","post","type-post","status-publish","format-standard","has-post-thumbnail","hentry","category-activitats-del-centre","category-blog","category-sant-jordi","tag-sant-jordi-2015"],"post_mailing_queue_ids":[],"_links":{"self":[{"href":"https:\/\/agora.xtec.cat\/escolaestevebarrachina\/wp-json\/wp\/v2\/posts\/2998","targetHints":{"allow":["GET"]}}],"collection":[{"href":"https:\/\/agora.xtec.cat\/escolaestevebarrachina\/wp-json\/wp\/v2\/posts"}],"about":[{"href":"https:\/\/agora.xtec.cat\/escolaestevebarrachina\/wp-json\/wp\/v2\/types\/post"}],"author":[{"embeddable":true,"href":"https:\/\/agora.xtec.cat\/escolaestevebarrachina\/wp-json\/wp\/v2\/users\/1"}],"replies":[{"embeddable":true,"href":"https:\/\/agora.xtec.cat\/escolaestevebarrachina\/wp-json\/wp\/v2\/comments?post=2998"}],"version-history":[{"count":0,"href":"https:\/\/agora.xtec.cat\/escolaestevebarrachina\/wp-json\/wp\/v2\/posts\/2998\/revisions"}],"wp:featuredmedia":[{"embeddable":true,"href":"https:\/\/agora.xtec.cat\/escolaestevebarrachina\/wp-json\/"}],"wp:attachment":[{"href":"https:\/\/agora.xtec.cat\/escolaestevebarrachina\/wp-json\/wp\/v2\/media?parent=2998"}],"wp:term":[{"taxonomy":"category","embeddable":true,"href":"https:\/\/agora.xtec.cat\/escolaestevebarrachina\/wp-json\/wp\/v2\/categories?post=2998"},{"taxonomy":"post_tag","embeddable":true,"href":"https:\/\/agora.xtec.cat\/escolaestevebarrachina\/wp-json\/wp\/v2\/tags?post=2998"}],"curies":[{"name":"wp","href":"https:\/\/api.w.org\/{rel}","templated":true}]}}