{"id":2993,"date":"2018-03-02T18:39:10","date_gmt":"2018-03-02T17:39:10","guid":{"rendered":"http:\/\/primaria.escolaestevebarrachina.cat\/?p=2993"},"modified":"2018-03-02T18:39:10","modified_gmt":"2018-03-02T17:39:10","slug":"la-tarraco-romana","status":"publish","type":"post","link":"https:\/\/agora.xtec.cat\/escolaestevebarrachina\/general\/la-tarraco-romana\/","title":{"rendered":"LA T\u00c0RRACO ROMANA"},"content":{"rendered":"<p>Declarada Patrimoni de la Humanitat pel seu legat hist\u00f2ric, T\u00e0rraco (Tarragona) \u00e9s una de les ciutats del m\u00f3n on millor s\u2019aprecia la grandiositat de la civilitzaci\u00f3 romana.<img loading=\"lazy\" decoding=\"async\" class=\"wp-image-2997 alignright\" src=\"http:\/\/primaria.escolaestevebarrachina.cat\/wp-content\/uploads\/2018\/03\/2018-03-01-19-23-42-300x225.jpg\" alt=\"\" width=\"196\" height=\"147\" \/><\/p>\n<p><img loading=\"lazy\" decoding=\"async\" class=\" wp-image-2998 alignleft\" src=\"http:\/\/primaria.escolaestevebarrachina.cat\/wp-content\/uploads\/2018\/03\/2018-03-01-19-18-08-300x225.jpg\" alt=\"\" width=\"236\" height=\"177\" \/><\/p>\n<p style=\"text-align: left;\">El passat dimarts 20 de febrer l\u2019alumnat de 5\u00e8 va gaudir de la seva hist\u00f2ria mitjan\u00e7ant la visita dels principals monuments conservats d\u2019aquella \u00e8poca: muralles, circ, temple, etc., per\u00f2 sense cap dubte la joia de la corona va ser l\u2019amfiteatre rom\u00e0. Aquesta edificaci\u00f3 de l\u2019arquitectura romana cl\u00e0ssica va ser el que m\u00e9s va impressionar a tothom, possiblement perqu\u00e8 s&#8217;hi organitzaven les lluites de gladiadors, les caceres de feres i, a m\u00e9s, tamb\u00e9 era el lloc on s&#8217;ajusticiaven els condemnats a mort.<\/p>\n<p style=\"text-align: center;\"><img loading=\"lazy\" decoding=\"async\" class=\"wp-image-2999 alignright\" src=\"http:\/\/primaria.escolaestevebarrachina.cat\/wp-content\/uploads\/2018\/03\/2018-03-01-19-26-25-300x225.jpg\" alt=\"\" width=\"170\" height=\"127\" \/><img loading=\"lazy\" decoding=\"async\" class=\"wp-image-3003 alignleft\" src=\"http:\/\/primaria.escolaestevebarrachina.cat\/wp-content\/uploads\/2018\/03\/2018-03-01-19-30-58-1-300x225.jpg\" alt=\"\" width=\"152\" height=\"114\" \/><\/p>\n<p style=\"text-align: left;\">Vam gaudir d&#8217;una ciutat romana de primer nivell, capital d&#8217;una de les prov\u00edncies imperials, \u00a0segur que tornarem perqu\u00e8 tenim la sort de tenir aquesta meravella molt a prop nostre.<\/p>\n","protected":false},"excerpt":{"rendered":"<p>Declarada Patrimoni de la Humanitat pel seu legat hist\u00f2ric, T\u00e0rraco (Tarragona) \u00e9s una de les ciutats del m\u00f3n on millor s\u2019aprecia la grandiositat de la civilitzaci\u00f3 romana.<\/p>\n<p>El passat dimarts 20 de febrer l\u2019alumnat de 5\u00e8 va gaudir de la seva hist\u00f2ria mitjan\u00e7ant la visita dels&hellip;  <a href=\"https:\/\/agora.xtec.cat\/escolaestevebarrachina\/general\/la-tarraco-romana\/\" title=\"Read LA T\u00c0RRACO ROMANA\">Llegeix m\u00e9s\u00bb<\/a><\/p>\n","protected":false},"author":1,"featured_media":0,"comment_status":"open","ping_status":"open","sticky":false,"template":"","format":"standard","meta":{"_bbp_topic_count":0,"_bbp_reply_count":0,"_bbp_total_topic_count":0,"_bbp_total_reply_count":0,"_bbp_voice_count":0,"_bbp_anonymous_reply_count":0,"_bbp_topic_count_hidden":0,"_bbp_reply_count_hidden":0,"_bbp_forum_subforum_count":0,"footnotes":""},"categories":[86,1,145],"tags":[],"class_list":["post-2993","post","type-post","status-publish","format-standard","hentry","category-blog","category-general","category-primaria"],"post_mailing_queue_ids":[],"_links":{"self":[{"href":"https:\/\/agora.xtec.cat\/escolaestevebarrachina\/wp-json\/wp\/v2\/posts\/2993","targetHints":{"allow":["GET"]}}],"collection":[{"href":"https:\/\/agora.xtec.cat\/escolaestevebarrachina\/wp-json\/wp\/v2\/posts"}],"about":[{"href":"https:\/\/agora.xtec.cat\/escolaestevebarrachina\/wp-json\/wp\/v2\/types\/post"}],"author":[{"embeddable":true,"href":"https:\/\/agora.xtec.cat\/escolaestevebarrachina\/wp-json\/wp\/v2\/users\/1"}],"replies":[{"embeddable":true,"href":"https:\/\/agora.xtec.cat\/escolaestevebarrachina\/wp-json\/wp\/v2\/comments?post=2993"}],"version-history":[{"count":0,"href":"https:\/\/agora.xtec.cat\/escolaestevebarrachina\/wp-json\/wp\/v2\/posts\/2993\/revisions"}],"wp:attachment":[{"href":"https:\/\/agora.xtec.cat\/escolaestevebarrachina\/wp-json\/wp\/v2\/media?parent=2993"}],"wp:term":[{"taxonomy":"category","embeddable":true,"href":"https:\/\/agora.xtec.cat\/escolaestevebarrachina\/wp-json\/wp\/v2\/categories?post=2993"},{"taxonomy":"post_tag","embeddable":true,"href":"https:\/\/agora.xtec.cat\/escolaestevebarrachina\/wp-json\/wp\/v2\/tags?post=2993"}],"curies":[{"name":"wp","href":"https:\/\/api.w.org\/{rel}","templated":true}]}}