{"id":2990,"date":"2015-04-27T21:42:47","date_gmt":"2015-04-27T19:42:47","guid":{"rendered":"https:\/\/escolaestevebarrachina.cat\/?p=2990"},"modified":"2015-04-27T21:42:47","modified_gmt":"2015-04-27T19:42:47","slug":"aquesta-quinzena-escoltem-the-entertainer","status":"publish","type":"post","link":"https:\/\/agora.xtec.cat\/escolaestevebarrachina\/blog\/aquesta-quinzena-escoltem-the-entertainer\/","title":{"rendered":"Aquesta quinzena escoltem\u2026  The entertainer"},"content":{"rendered":"<p><a href=\"https:\/\/escolaestevebarrachina.cat\/wp-content\/uploads\/2015\/04\/Scott-Joplin-new.jpg\"><img loading=\"lazy\" decoding=\"async\" class=\" size-full wp-image-2992 alignleft\" src=\"https:\/\/escolaestevebarrachina.cat\/wp-content\/uploads\/2015\/04\/Scott-Joplin-new.jpg\" alt=\"Scott-Joplin-new\" width=\"300\" height=\"168\" \/><\/a><strong>Scott Joplin va n\u00e9ixer<\/strong> en un ambient musical, fou el segon dels sis fills de Florence Givins (cantant i int\u00e8rpret de banjo) i Giles Joplin (antic esclau i violinista): tots els seus germans tocaven tamb\u00e9 diferents instruments musicals. Excel.lent compositor de &#8220;Ragtime&#8221;, m\u00fasiques de ritme sincopat molt popular durant els primers anys del S.XX als Estats Units. Una d&#8217;aquestes\u00a0 m\u00fasiques \u00e9s &#8220;The entertainer&#8221; (1902), tema en que es va basar el compositor Marvin Hamlisch per a la banda sonora de la pel.l\u00edcula &#8220;El Golpe&#8221; (1973).<\/p>\n<p>&nbsp;<br \/>\n<iframe loading=\"lazy\" title=\"The Entertainer - El Golpe (piano)\" width=\"500\" height=\"375\" src=\"https:\/\/www.youtube.com\/embed\/_i8DYIA5GAg?feature=oembed\" frameborder=\"0\" allow=\"accelerometer; autoplay; clipboard-write; encrypted-media; gyroscope; picture-in-picture; web-share\" referrerpolicy=\"strict-origin-when-cross-origin\" allowfullscreen><\/iframe><\/p>\n","protected":false},"excerpt":{"rendered":"<p><a href=\"https:\/\/escolaestevebarrachina.cat\/wp-content\/uploads\/2015\/04\/Scott-Joplin-new.jpg\"><\/a>Scott Joplin va n\u00e9ixer en un ambient musical, fou el segon dels sis fills de Florence Givins (cantant i int\u00e8rpret de banjo) i Giles Joplin (antic esclau i violinista): tots els seus germans tocaven tamb\u00e9 diferents instruments musicals. Excel.lent compositor de &#8220;Ragtime&#8221;, m\u00fasiques de&hellip;  <a href=\"https:\/\/agora.xtec.cat\/escolaestevebarrachina\/blog\/aquesta-quinzena-escoltem-the-entertainer\/\" title=\"Read Aquesta quinzena escoltem\u2026  The entertainer\">Llegeix m\u00e9s\u00bb<\/a><\/p>\n","protected":false},"author":1,"featured_media":2992,"comment_status":"open","ping_status":"open","sticky":false,"template":"","format":"standard","meta":{"_bbp_topic_count":0,"_bbp_reply_count":0,"_bbp_total_topic_count":0,"_bbp_total_reply_count":0,"_bbp_voice_count":0,"_bbp_anonymous_reply_count":0,"_bbp_topic_count_hidden":0,"_bbp_reply_count_hidden":0,"_bbp_forum_subforum_count":0,"footnotes":""},"categories":[121,86],"tags":[],"class_list":["post-2990","post","type-post","status-publish","format-standard","has-post-thumbnail","hentry","category-aquesta-quinzena-escoltem","category-blog"],"post_mailing_queue_ids":[],"_links":{"self":[{"href":"https:\/\/agora.xtec.cat\/escolaestevebarrachina\/wp-json\/wp\/v2\/posts\/2990","targetHints":{"allow":["GET"]}}],"collection":[{"href":"https:\/\/agora.xtec.cat\/escolaestevebarrachina\/wp-json\/wp\/v2\/posts"}],"about":[{"href":"https:\/\/agora.xtec.cat\/escolaestevebarrachina\/wp-json\/wp\/v2\/types\/post"}],"author":[{"embeddable":true,"href":"https:\/\/agora.xtec.cat\/escolaestevebarrachina\/wp-json\/wp\/v2\/users\/1"}],"replies":[{"embeddable":true,"href":"https:\/\/agora.xtec.cat\/escolaestevebarrachina\/wp-json\/wp\/v2\/comments?post=2990"}],"version-history":[{"count":0,"href":"https:\/\/agora.xtec.cat\/escolaestevebarrachina\/wp-json\/wp\/v2\/posts\/2990\/revisions"}],"wp:featuredmedia":[{"embeddable":true,"href":"https:\/\/agora.xtec.cat\/escolaestevebarrachina\/wp-json\/"}],"wp:attachment":[{"href":"https:\/\/agora.xtec.cat\/escolaestevebarrachina\/wp-json\/wp\/v2\/media?parent=2990"}],"wp:term":[{"taxonomy":"category","embeddable":true,"href":"https:\/\/agora.xtec.cat\/escolaestevebarrachina\/wp-json\/wp\/v2\/categories?post=2990"},{"taxonomy":"post_tag","embeddable":true,"href":"https:\/\/agora.xtec.cat\/escolaestevebarrachina\/wp-json\/wp\/v2\/tags?post=2990"}],"curies":[{"name":"wp","href":"https:\/\/api.w.org\/{rel}","templated":true}]}}