{"id":2979,"date":"2018-02-25T16:59:34","date_gmt":"2018-02-25T15:59:34","guid":{"rendered":"http:\/\/primaria.escolaestevebarrachina.cat\/?p=2979"},"modified":"2018-02-25T16:59:34","modified_gmt":"2018-02-25T15:59:34","slug":"audicio-dances-i-cancons-tradicionals","status":"publish","type":"post","link":"https:\/\/agora.xtec.cat\/escolaestevebarrachina\/general\/audicio-dances-i-cancons-tradicionals\/","title":{"rendered":"Audici\u00f3: &#8220;Dances i can\u00e7ons tradicionals&#8221;"},"content":{"rendered":"<p>No em podia imaginar com n&#8217;\u00e9s de divertida\u00a0 la nostra m\u00fasica tradicional. En Joan Pin\u00f3s amb el seu contrabaix i els altres dos m\u00fasics, ell amb la flauta travessera i ella amb l&#8217;acordi\u00f3 ens han amenitzat la jornada, tocant i ensenyant-nos a ballar danses i cancons tradicionals. La veritat \u00e9s que ens ho hem passat molt b\u00e9 i sobretot hem rigut molt en una de les can\u00e7ons quan la Claudia i en Julio n&#8217;eren els protagonistes.<\/p>\n<p>Mireu qu\u00e8 divertit!!!<\/p>\n<p><img loading=\"lazy\" decoding=\"async\" class=\"aligncenter size-medium wp-image-2982\" src=\"http:\/\/primaria.escolaestevebarrachina.cat\/wp-content\/uploads\/2018\/02\/IMG_20180222_095539-300x169.jpg\" alt=\"\" width=\"300\" height=\"169\" \/><a href=\"https:\/\/www.flickr.com\/photos\/105651434@N04\/albums\/72157664089890017\">Segueix mirant..<\/a><\/p>\n","protected":false},"excerpt":{"rendered":"<p>No em podia imaginar com n&#8217;\u00e9s de divertida\u00a0 la nostra m\u00fasica tradicional. En Joan Pin\u00f3s amb el seu contrabaix i els altres dos m\u00fasics, ell amb la flauta travessera i ella amb l&#8217;acordi\u00f3 ens han amenitzat la jornada, tocant i ensenyant-nos a ballar danses i&hellip;  <a href=\"https:\/\/agora.xtec.cat\/escolaestevebarrachina\/general\/audicio-dances-i-cancons-tradicionals\/\" title=\"Read Audici\u00f3: &#8220;Dances i can\u00e7ons tradicionals&#8221;\">Llegeix m\u00e9s\u00bb<\/a><\/p>\n","protected":false},"author":1,"featured_media":2980,"comment_status":"open","ping_status":"open","sticky":false,"template":"","format":"standard","meta":{"_bbp_topic_count":0,"_bbp_reply_count":0,"_bbp_total_topic_count":0,"_bbp_total_reply_count":0,"_bbp_voice_count":0,"_bbp_anonymous_reply_count":0,"_bbp_topic_count_hidden":0,"_bbp_reply_count_hidden":0,"_bbp_forum_subforum_count":0,"footnotes":""},"categories":[86,93,1,145],"tags":[],"class_list":["post-2979","post","type-post","status-publish","format-standard","has-post-thumbnail","hentry","category-blog","category-cicle-inicial","category-general","category-primaria"],"post_mailing_queue_ids":[],"_links":{"self":[{"href":"https:\/\/agora.xtec.cat\/escolaestevebarrachina\/wp-json\/wp\/v2\/posts\/2979","targetHints":{"allow":["GET"]}}],"collection":[{"href":"https:\/\/agora.xtec.cat\/escolaestevebarrachina\/wp-json\/wp\/v2\/posts"}],"about":[{"href":"https:\/\/agora.xtec.cat\/escolaestevebarrachina\/wp-json\/wp\/v2\/types\/post"}],"author":[{"embeddable":true,"href":"https:\/\/agora.xtec.cat\/escolaestevebarrachina\/wp-json\/wp\/v2\/users\/1"}],"replies":[{"embeddable":true,"href":"https:\/\/agora.xtec.cat\/escolaestevebarrachina\/wp-json\/wp\/v2\/comments?post=2979"}],"version-history":[{"count":0,"href":"https:\/\/agora.xtec.cat\/escolaestevebarrachina\/wp-json\/wp\/v2\/posts\/2979\/revisions"}],"wp:featuredmedia":[{"embeddable":true,"href":"https:\/\/agora.xtec.cat\/escolaestevebarrachina\/wp-json\/"}],"wp:attachment":[{"href":"https:\/\/agora.xtec.cat\/escolaestevebarrachina\/wp-json\/wp\/v2\/media?parent=2979"}],"wp:term":[{"taxonomy":"category","embeddable":true,"href":"https:\/\/agora.xtec.cat\/escolaestevebarrachina\/wp-json\/wp\/v2\/categories?post=2979"},{"taxonomy":"post_tag","embeddable":true,"href":"https:\/\/agora.xtec.cat\/escolaestevebarrachina\/wp-json\/wp\/v2\/tags?post=2979"}],"curies":[{"name":"wp","href":"https:\/\/api.w.org\/{rel}","templated":true}]}}