{"id":2969,"date":"2015-03-23T19:15:27","date_gmt":"2015-03-23T18:15:27","guid":{"rendered":"https:\/\/escolaestevebarrachina.cat\/?p=2969"},"modified":"2015-03-23T19:15:27","modified_gmt":"2015-03-23T18:15:27","slug":"la-mision","status":"publish","type":"post","link":"https:\/\/agora.xtec.cat\/escolaestevebarrachina\/blog\/la-mision\/","title":{"rendered":"Aquesta quinzena escoltem\u2026  La misi\u00f3n"},"content":{"rendered":"<p><a href=\"https:\/\/escolaestevebarrachina.cat\/wp-content\/uploads\/2015\/03\/ennio-morricone.jpg\"><img loading=\"lazy\" decoding=\"async\" class=\" size-full wp-image-2970 alignleft\" src=\"https:\/\/escolaestevebarrachina.cat\/wp-content\/uploads\/2015\/03\/ennio-morricone.jpg\" alt=\"ennio-morricone\" width=\"300\" height=\"168\" \/><\/a><strong>Aquesta quinzena escoltem,<\/strong> (del 23 de mar\u00e7 al 10 d&#8217;abril) la m\u00fasica de la pel.l\u00edcula <em><strong>La misi\u00f3n<\/strong><\/em> d&#8217;Ennio Morricone, nascut a Roma. Morricone \u00e9s un compositor itali\u00e0 de m\u00fasica de cinema,\u00a0 \u00e9s un dels\u00a0 m\u00e9s prol\u00edfics, amb aproximadament unes 300 bandes sonores al llarg de cinc d\u00e8cades.<br \/>\n&nbsp;<\/p>\n<p>&nbsp;<\/p>\n<p><iframe loading=\"lazy\" title=\"El oboe de Gabriel. Ennio Morricone (La Misi\u00f3n).\" width=\"500\" height=\"281\" src=\"https:\/\/www.youtube.com\/embed\/4QeDOT2Fqb0?feature=oembed\" frameborder=\"0\" allow=\"accelerometer; autoplay; clipboard-write; encrypted-media; gyroscope; picture-in-picture; web-share\" referrerpolicy=\"strict-origin-when-cross-origin\" allowfullscreen><\/iframe><\/p>\n","protected":false},"excerpt":{"rendered":"<p><a href=\"https:\/\/escolaestevebarrachina.cat\/wp-content\/uploads\/2015\/03\/ennio-morricone.jpg\"><\/a>Aquesta quinzena escoltem, (del 23 de mar\u00e7 al 10 d&#8217;abril) la m\u00fasica de la pel.l\u00edcula La misi\u00f3n d&#8217;Ennio Morricone, nascut a Roma. Morricone \u00e9s un compositor itali\u00e0 de m\u00fasica de cinema,\u00a0 \u00e9s un dels\u00a0 m\u00e9s prol\u00edfics, amb aproximadament unes 300 bandes sonores al llarg&hellip;  <a href=\"https:\/\/agora.xtec.cat\/escolaestevebarrachina\/blog\/la-mision\/\" title=\"Read Aquesta quinzena escoltem\u2026  La misi\u00f3n\">Llegeix m\u00e9s\u00bb<\/a><\/p>\n","protected":false},"author":1,"featured_media":2970,"comment_status":"open","ping_status":"open","sticky":false,"template":"","format":"standard","meta":{"_bbp_topic_count":0,"_bbp_reply_count":0,"_bbp_total_topic_count":0,"_bbp_total_reply_count":0,"_bbp_voice_count":0,"_bbp_anonymous_reply_count":0,"_bbp_topic_count_hidden":0,"_bbp_reply_count_hidden":0,"_bbp_forum_subforum_count":0,"footnotes":""},"categories":[121,86],"tags":[],"class_list":["post-2969","post","type-post","status-publish","format-standard","has-post-thumbnail","hentry","category-aquesta-quinzena-escoltem","category-blog"],"post_mailing_queue_ids":[],"_links":{"self":[{"href":"https:\/\/agora.xtec.cat\/escolaestevebarrachina\/wp-json\/wp\/v2\/posts\/2969","targetHints":{"allow":["GET"]}}],"collection":[{"href":"https:\/\/agora.xtec.cat\/escolaestevebarrachina\/wp-json\/wp\/v2\/posts"}],"about":[{"href":"https:\/\/agora.xtec.cat\/escolaestevebarrachina\/wp-json\/wp\/v2\/types\/post"}],"author":[{"embeddable":true,"href":"https:\/\/agora.xtec.cat\/escolaestevebarrachina\/wp-json\/wp\/v2\/users\/1"}],"replies":[{"embeddable":true,"href":"https:\/\/agora.xtec.cat\/escolaestevebarrachina\/wp-json\/wp\/v2\/comments?post=2969"}],"version-history":[{"count":0,"href":"https:\/\/agora.xtec.cat\/escolaestevebarrachina\/wp-json\/wp\/v2\/posts\/2969\/revisions"}],"wp:featuredmedia":[{"embeddable":true,"href":"https:\/\/agora.xtec.cat\/escolaestevebarrachina\/wp-json\/"}],"wp:attachment":[{"href":"https:\/\/agora.xtec.cat\/escolaestevebarrachina\/wp-json\/wp\/v2\/media?parent=2969"}],"wp:term":[{"taxonomy":"category","embeddable":true,"href":"https:\/\/agora.xtec.cat\/escolaestevebarrachina\/wp-json\/wp\/v2\/categories?post=2969"},{"taxonomy":"post_tag","embeddable":true,"href":"https:\/\/agora.xtec.cat\/escolaestevebarrachina\/wp-json\/wp\/v2\/tags?post=2969"}],"curies":[{"name":"wp","href":"https:\/\/api.w.org\/{rel}","templated":true}]}}