{"id":2960,"date":"2015-03-09T10:42:43","date_gmt":"2015-03-09T09:42:43","guid":{"rendered":"https:\/\/escolaestevebarrachina.cat\/?p=2960"},"modified":"2015-03-09T10:42:43","modified_gmt":"2015-03-09T09:42:43","slug":"e-t-el-extraterrestre","status":"publish","type":"post","link":"https:\/\/agora.xtec.cat\/escolaestevebarrachina\/blog\/e-t-el-extraterrestre\/","title":{"rendered":"Aquesta quinzena escoltem\u2026  E.T. El extraterrestre"},"content":{"rendered":"<p><a href=\"https:\/\/escolaestevebarrachina.cat\/wp-content\/uploads\/2015\/03\/John-Williams.jpg\"><img loading=\"lazy\" decoding=\"async\" class=\" size-full wp-image-2961 alignleft\" src=\"https:\/\/escolaestevebarrachina.cat\/wp-content\/uploads\/2015\/03\/John-Williams.jpg\" alt=\"John Williams\" width=\"300\" height=\"168\" \/><\/a><strong>Aquesta quinzena escoltem,<\/strong> ( del 9 al 13 de mar\u00e7 de 2015) escoltem la m\u00fasica de la pel.l\u00edcula \u201dE.T.,El extraterrestre&#8221; de John Williams. Nascut als Estats Units, \u00e9s indiscutiblement el compositor de m\u00fasica de cinema m\u00e9s popular i conegut de tots els temps. \u00c9s la persona que ha rebut m\u00e9s nominacions a l&#8217;Oscar amb 48, vencent en cinc ocasions.<\/p>\n<p>&nbsp;<\/p>\n<p>&nbsp;<br \/>\n<iframe loading=\"lazy\" title=\"BSO - ET, el extraterrestre\" width=\"500\" height=\"281\" src=\"https:\/\/www.youtube.com\/embed\/G66XLPPB2ZU?feature=oembed\" frameborder=\"0\" allow=\"accelerometer; autoplay; clipboard-write; encrypted-media; gyroscope; picture-in-picture; web-share\" referrerpolicy=\"strict-origin-when-cross-origin\" allowfullscreen><\/iframe><\/p>\n","protected":false},"excerpt":{"rendered":"<p><a href=\"https:\/\/escolaestevebarrachina.cat\/wp-content\/uploads\/2015\/03\/John-Williams.jpg\"><\/a>Aquesta quinzena escoltem, ( del 9 al 13 de mar\u00e7 de 2015) escoltem la m\u00fasica de la pel.l\u00edcula \u201dE.T.,El extraterrestre&#8221; de John Williams. Nascut als Estats Units, \u00e9s indiscutiblement el compositor de m\u00fasica de cinema m\u00e9s popular i conegut de tots els temps. \u00c9s&hellip;  <a href=\"https:\/\/agora.xtec.cat\/escolaestevebarrachina\/blog\/e-t-el-extraterrestre\/\" title=\"Read Aquesta quinzena escoltem\u2026  E.T. El extraterrestre\">Llegeix m\u00e9s\u00bb<\/a><\/p>\n","protected":false},"author":1,"featured_media":2961,"comment_status":"open","ping_status":"open","sticky":false,"template":"","format":"standard","meta":{"_bbp_topic_count":0,"_bbp_reply_count":0,"_bbp_total_topic_count":0,"_bbp_total_reply_count":0,"_bbp_voice_count":0,"_bbp_anonymous_reply_count":0,"_bbp_topic_count_hidden":0,"_bbp_reply_count_hidden":0,"_bbp_forum_subforum_count":0,"footnotes":""},"categories":[121,86],"tags":[120],"class_list":["post-2960","post","type-post","status-publish","format-standard","has-post-thumbnail","hentry","category-aquesta-quinzena-escoltem","category-blog","tag-aquesta-quinzena-escoltem"],"post_mailing_queue_ids":[],"_links":{"self":[{"href":"https:\/\/agora.xtec.cat\/escolaestevebarrachina\/wp-json\/wp\/v2\/posts\/2960","targetHints":{"allow":["GET"]}}],"collection":[{"href":"https:\/\/agora.xtec.cat\/escolaestevebarrachina\/wp-json\/wp\/v2\/posts"}],"about":[{"href":"https:\/\/agora.xtec.cat\/escolaestevebarrachina\/wp-json\/wp\/v2\/types\/post"}],"author":[{"embeddable":true,"href":"https:\/\/agora.xtec.cat\/escolaestevebarrachina\/wp-json\/wp\/v2\/users\/1"}],"replies":[{"embeddable":true,"href":"https:\/\/agora.xtec.cat\/escolaestevebarrachina\/wp-json\/wp\/v2\/comments?post=2960"}],"version-history":[{"count":0,"href":"https:\/\/agora.xtec.cat\/escolaestevebarrachina\/wp-json\/wp\/v2\/posts\/2960\/revisions"}],"wp:featuredmedia":[{"embeddable":true,"href":"https:\/\/agora.xtec.cat\/escolaestevebarrachina\/wp-json\/"}],"wp:attachment":[{"href":"https:\/\/agora.xtec.cat\/escolaestevebarrachina\/wp-json\/wp\/v2\/media?parent=2960"}],"wp:term":[{"taxonomy":"category","embeddable":true,"href":"https:\/\/agora.xtec.cat\/escolaestevebarrachina\/wp-json\/wp\/v2\/categories?post=2960"},{"taxonomy":"post_tag","embeddable":true,"href":"https:\/\/agora.xtec.cat\/escolaestevebarrachina\/wp-json\/wp\/v2\/tags?post=2960"}],"curies":[{"name":"wp","href":"https:\/\/api.w.org\/{rel}","templated":true}]}}