{"id":2948,"date":"2015-03-08T19:01:07","date_gmt":"2015-03-08T18:01:07","guid":{"rendered":"https:\/\/escolaestevebarrachina.cat\/?p=2948"},"modified":"2015-03-08T19:01:07","modified_gmt":"2015-03-08T18:01:07","slug":"campionat-comarcal-interescolar-descacs","status":"publish","type":"post","link":"https:\/\/agora.xtec.cat\/escolaestevebarrachina\/blog\/campionat-comarcal-interescolar-descacs\/","title":{"rendered":"Campionat comarcal interescolar d&#8217;escacs"},"content":{"rendered":"<p><strong>El passat divendres 6 de mar\u00e7<\/strong> va finalitzar el campionat comarcal interescolar d&#8217; escacs. Els nostres representants van ser:<\/p>\n<p>Naiara Maldonado<br \/>\nHector Gonz\u00e1lez<br \/>\nSophie Chiochia<br \/>\nSasha Maldonado<br \/>\nJosep M\u00aa Palma<br \/>\nDaniel Chiochia<\/p>\n<p>&nbsp;<\/p>\n<p>Despr\u00e9s de 3 dies de competici\u00f3, els resultats han estat els seg\u00fcents<\/p>\n<p><strong>Categoria Pre- benjam\u00ed<\/strong><br \/>\n03 de 12 Naiara Maldonado<br \/>\n04 de 12 Sophie Chiochia<br \/>\n10 de 12 Hector Gonz\u00e1lez<br \/>\nMillor classificat d&#8217;aquesta categoria de l&#8217;Escola Esteve Barrachina:<br \/>\n<strong><em>Naiara Maldonado<\/em><\/strong><\/p>\n<p><a href=\"https:\/\/escolaestevebarrachina.cat\/wp-content\/uploads\/2015\/03\/escacs-4-bis.jpg\"><img loading=\"lazy\" decoding=\"async\" class=\"alignnone size-full wp-image-2953\" src=\"https:\/\/escolaestevebarrachina.cat\/wp-content\/uploads\/2015\/03\/escacs-4-bis.jpg\" alt=\"escacs 4 bis\" width=\"640\" height=\"443\" \/><\/a><\/p>\n<p><strong>Categoria Benjam\u00ed<\/strong><br \/>\n06 de 19 Josep M\u00aa Palma<br \/>\n09 DE 19 Daniel Chiochia<br \/>\n10 DE 19 Sasha Maldonado<br \/>\nMillor classificat d&#8217;aquesta categoria de l&#8217;escola Esteve Barrachina:<br \/>\n<em><strong>Josep M\u00aa Palma<\/strong><\/em><\/p>\n<p><a href=\"https:\/\/escolaestevebarrachina.cat\/wp-content\/uploads\/2015\/03\/Escacs-1-bis.jpg\"><img loading=\"lazy\" decoding=\"async\" class=\"alignnone size-full wp-image-2951\" src=\"https:\/\/escolaestevebarrachina.cat\/wp-content\/uploads\/2015\/03\/Escacs-1-bis.jpg\" alt=\"Escacs 1 bis\" width=\"640\" height=\"383\" \/><\/a><\/p>\n","protected":false},"excerpt":{"rendered":"<p>El passat divendres 6 de mar\u00e7 va finalitzar el campionat comarcal interescolar d&#8217; escacs. Els nostres representants van ser:<br \/>\nNaiara Maldonado<br \/>\nHector Gonz\u00e1lez<br \/>\nSophie Chiochia<br \/>\nSasha Maldonado<br \/>\nJosep M\u00aa Palma<br \/>\nDaniel Chiochia<br \/>\n&nbsp;<br \/>\nDespr\u00e9s de 3 dies de competici\u00f3, els resultats han estat els seg\u00fcents<br \/>\nCategoria Pre- benjam\u00ed<br \/>\n03 de 12 Naiara Maldonado<br \/>\n04 de 12&hellip;  <a href=\"https:\/\/agora.xtec.cat\/escolaestevebarrachina\/blog\/campionat-comarcal-interescolar-descacs\/\" title=\"Read Campionat comarcal interescolar d&#8217;escacs\">Llegeix m\u00e9s\u00bb<\/a><\/p>\n","protected":false},"author":1,"featured_media":2952,"comment_status":"open","ping_status":"open","sticky":false,"template":"","format":"standard","meta":{"_bbp_topic_count":0,"_bbp_reply_count":0,"_bbp_total_topic_count":0,"_bbp_total_reply_count":0,"_bbp_voice_count":0,"_bbp_anonymous_reply_count":0,"_bbp_topic_count_hidden":0,"_bbp_reply_count_hidden":0,"_bbp_forum_subforum_count":0,"footnotes":""},"categories":[86],"tags":[117],"class_list":["post-2948","post","type-post","status-publish","format-standard","has-post-thumbnail","hentry","category-blog","tag-escacs"],"post_mailing_queue_ids":[],"_links":{"self":[{"href":"https:\/\/agora.xtec.cat\/escolaestevebarrachina\/wp-json\/wp\/v2\/posts\/2948","targetHints":{"allow":["GET"]}}],"collection":[{"href":"https:\/\/agora.xtec.cat\/escolaestevebarrachina\/wp-json\/wp\/v2\/posts"}],"about":[{"href":"https:\/\/agora.xtec.cat\/escolaestevebarrachina\/wp-json\/wp\/v2\/types\/post"}],"author":[{"embeddable":true,"href":"https:\/\/agora.xtec.cat\/escolaestevebarrachina\/wp-json\/wp\/v2\/users\/1"}],"replies":[{"embeddable":true,"href":"https:\/\/agora.xtec.cat\/escolaestevebarrachina\/wp-json\/wp\/v2\/comments?post=2948"}],"version-history":[{"count":0,"href":"https:\/\/agora.xtec.cat\/escolaestevebarrachina\/wp-json\/wp\/v2\/posts\/2948\/revisions"}],"wp:featuredmedia":[{"embeddable":true,"href":"https:\/\/agora.xtec.cat\/escolaestevebarrachina\/wp-json\/"}],"wp:attachment":[{"href":"https:\/\/agora.xtec.cat\/escolaestevebarrachina\/wp-json\/wp\/v2\/media?parent=2948"}],"wp:term":[{"taxonomy":"category","embeddable":true,"href":"https:\/\/agora.xtec.cat\/escolaestevebarrachina\/wp-json\/wp\/v2\/categories?post=2948"},{"taxonomy":"post_tag","embeddable":true,"href":"https:\/\/agora.xtec.cat\/escolaestevebarrachina\/wp-json\/wp\/v2\/tags?post=2948"}],"curies":[{"name":"wp","href":"https:\/\/api.w.org\/{rel}","templated":true}]}}