{"id":2943,"date":"2015-03-08T18:02:32","date_gmt":"2015-03-08T17:02:32","guid":{"rendered":"https:\/\/escolaestevebarrachina.cat\/?p=2943"},"modified":"2015-03-08T18:02:32","modified_gmt":"2015-03-08T17:02:32","slug":"gracies-jose","status":"publish","type":"post","link":"https:\/\/agora.xtec.cat\/escolaestevebarrachina\/escola-estebe-barrachina\/gracies-jose\/","title":{"rendered":"Gr\u00e0cies, Jose"},"content":{"rendered":"<p>Ja ens ho temiem de feia un temps i finalment ha arribat el moment: <strong>el Jose, l\u2019entrenador d\u2019handbol de l\u2019escola<\/strong> des de fa gaireb\u00e9 5 anys, <strong>deixa la tasca com a entrenador per dedicar-se a la seva professi\u00f3, la de mestre<\/strong>, que li ha obert les portes en aquest moment. Des d\u2019aqu\u00ed li volem agra\u00efr, nens, pares i docents i altres persones que han format part de la secci\u00f3 esportiva de l\u2019Ampa, la seva dedicaci\u00f3 i esfor\u00e7 incondicionals amb que ha impulsat aquest esport a la nostra escola, el grau d\u2019implicaci\u00f3 i l\u2019entusiasme amb que ha ensenyat all\u00f2 que sap, el tracte amb els nens, els consells donats, la infinita paci\u00e8ncia i, en definitiva, l\u2019estima per aquest esport que ha sabut transmetre tan i tan b\u00e9 als nens i a nosaltres els pares, fent-nos gaudir a tots plegats de setmana en setmana. Li desitgem tota la sort del m\u00f3n en aquesta nova etapa!<br \/>\nNosaltres seguirem comptant amb la indispensable pres\u00e8ncia de la Judit i amb alguna nova incorporaci\u00f3. L\u2019handbol al Barrachina contin\u00faa!<\/p>\n","protected":false},"excerpt":{"rendered":"<p>Ja ens ho temiem de feia un temps i finalment ha arribat el moment: el Jose, l\u2019entrenador d\u2019handbol de l\u2019escola des de fa gaireb\u00e9 5 anys, deixa la tasca com a entrenador per dedicar-se a la seva professi\u00f3, la de mestre, que li ha obert&hellip;  <a href=\"https:\/\/agora.xtec.cat\/escolaestevebarrachina\/escola-estebe-barrachina\/gracies-jose\/\" title=\"Read Gr\u00e0cies, Jose\">Llegeix m\u00e9s\u00bb<\/a><\/p>\n","protected":false},"author":1,"featured_media":2945,"comment_status":"open","ping_status":"open","sticky":false,"template":"","format":"standard","meta":{"_bbp_topic_count":0,"_bbp_reply_count":0,"_bbp_total_topic_count":0,"_bbp_total_reply_count":0,"_bbp_voice_count":0,"_bbp_anonymous_reply_count":0,"_bbp_topic_count_hidden":0,"_bbp_reply_count_hidden":0,"_bbp_forum_subforum_count":0,"footnotes":""},"categories":[86,85],"tags":[130],"class_list":["post-2943","post","type-post","status-publish","format-standard","has-post-thumbnail","hentry","category-blog","category-escola-estebe-barrachina","tag-handbol"],"post_mailing_queue_ids":[],"_links":{"self":[{"href":"https:\/\/agora.xtec.cat\/escolaestevebarrachina\/wp-json\/wp\/v2\/posts\/2943","targetHints":{"allow":["GET"]}}],"collection":[{"href":"https:\/\/agora.xtec.cat\/escolaestevebarrachina\/wp-json\/wp\/v2\/posts"}],"about":[{"href":"https:\/\/agora.xtec.cat\/escolaestevebarrachina\/wp-json\/wp\/v2\/types\/post"}],"author":[{"embeddable":true,"href":"https:\/\/agora.xtec.cat\/escolaestevebarrachina\/wp-json\/wp\/v2\/users\/1"}],"replies":[{"embeddable":true,"href":"https:\/\/agora.xtec.cat\/escolaestevebarrachina\/wp-json\/wp\/v2\/comments?post=2943"}],"version-history":[{"count":0,"href":"https:\/\/agora.xtec.cat\/escolaestevebarrachina\/wp-json\/wp\/v2\/posts\/2943\/revisions"}],"wp:featuredmedia":[{"embeddable":true,"href":"https:\/\/agora.xtec.cat\/escolaestevebarrachina\/wp-json\/"}],"wp:attachment":[{"href":"https:\/\/agora.xtec.cat\/escolaestevebarrachina\/wp-json\/wp\/v2\/media?parent=2943"}],"wp:term":[{"taxonomy":"category","embeddable":true,"href":"https:\/\/agora.xtec.cat\/escolaestevebarrachina\/wp-json\/wp\/v2\/categories?post=2943"},{"taxonomy":"post_tag","embeddable":true,"href":"https:\/\/agora.xtec.cat\/escolaestevebarrachina\/wp-json\/wp\/v2\/tags?post=2943"}],"curies":[{"name":"wp","href":"https:\/\/api.w.org\/{rel}","templated":true}]}}