{"id":2916,"date":"2015-02-04T00:53:20","date_gmt":"2015-02-03T23:53:20","guid":{"rendered":"https:\/\/escolaestevebarrachina.cat\/?p=2916"},"modified":"2015-02-04T00:53:20","modified_gmt":"2015-02-03T23:53:20","slug":"conviure-amb-internet","status":"publish","type":"post","link":"https:\/\/agora.xtec.cat\/escolaestevebarrachina\/blog\/conviure-amb-internet\/","title":{"rendered":"Conviure amb Internet"},"content":{"rendered":"<p>Aquest proper dijous, 5 de febrer, a la biblioteca Josep Roig i Ravent\u00f3s tindrem una xerrada especialment enfocada a pares i mares sobre el tema de la conviv\u00e8ncia amb Internet dins de les fam\u00edlies.<br \/>\n<strong>\u201cConviure amb Internet\u201d<\/strong> s\u2019enfocar\u00e0 sobretot a donar idees pr\u00e0ctiques per a ajudar a resoldre els conflictes que deriven de l\u2019\u00fas\u00a0 (cada vegada m\u00e9s majoritari) de m\u00f2bils per part dels fills i filles preadolescents i adolescents.<br \/>\nLa xerrada anir\u00e0 a <strong>c\u00e0rrec de l\u2019especialista Rom\u00e1n P\u00e9rez<\/strong>, psic\u00f2leg-pssicoanalista del centre de reeducaci\u00f3 David de Sitges, i col\u00b7laborador a R\u00e0dio Maricel amb l\u2019espai \u201cTemps de fam\u00edlia\u201d.<br \/>\nM\u00e9s informaci\u00f3<\/p>\n<p><a href=\"https:\/\/bibliotecajoseproigiraventos.wordpress.com\/2015\/01\/29\/conviure-amb-internet-xerrada-per-a-pares-i-mares\/\">https:\/\/bibliotecajoseproigiraventos.wordpress.com\/2015\/01\/29\/conviure-amb-internet-xerrada-per-a-pares-i-mares\/<\/a><br \/>\n<a href=\"https:\/\/www.facebook.com\/bibliotequesdesitges\">https:\/\/www.facebook.com\/bibliotequesdesitges<\/a><\/p>\n","protected":false},"excerpt":{"rendered":"<p>Aquest proper dijous, 5 de febrer, a la biblioteca Josep Roig i Ravent\u00f3s tindrem una xerrada especialment enfocada a pares i mares sobre el tema de la conviv\u00e8ncia amb Internet dins de les fam\u00edlies.<br \/>\n\u201cConviure amb Internet\u201d s\u2019enfocar\u00e0 sobretot a donar idees pr\u00e0ctiques per a ajudar&hellip;  <a href=\"https:\/\/agora.xtec.cat\/escolaestevebarrachina\/blog\/conviure-amb-internet\/\" title=\"Read Conviure amb Internet\">Llegeix m\u00e9s\u00bb<\/a><\/p>\n","protected":false},"author":1,"featured_media":2917,"comment_status":"open","ping_status":"open","sticky":false,"template":"","format":"standard","meta":{"_bbp_topic_count":0,"_bbp_reply_count":0,"_bbp_total_topic_count":0,"_bbp_total_reply_count":0,"_bbp_voice_count":0,"_bbp_anonymous_reply_count":0,"_bbp_topic_count_hidden":0,"_bbp_reply_count_hidden":0,"_bbp_forum_subforum_count":0,"footnotes":""},"categories":[86],"tags":[111],"class_list":["post-2916","post","type-post","status-publish","format-standard","has-post-thumbnail","hentry","category-blog","tag-xerrades"],"post_mailing_queue_ids":[],"_links":{"self":[{"href":"https:\/\/agora.xtec.cat\/escolaestevebarrachina\/wp-json\/wp\/v2\/posts\/2916","targetHints":{"allow":["GET"]}}],"collection":[{"href":"https:\/\/agora.xtec.cat\/escolaestevebarrachina\/wp-json\/wp\/v2\/posts"}],"about":[{"href":"https:\/\/agora.xtec.cat\/escolaestevebarrachina\/wp-json\/wp\/v2\/types\/post"}],"author":[{"embeddable":true,"href":"https:\/\/agora.xtec.cat\/escolaestevebarrachina\/wp-json\/wp\/v2\/users\/1"}],"replies":[{"embeddable":true,"href":"https:\/\/agora.xtec.cat\/escolaestevebarrachina\/wp-json\/wp\/v2\/comments?post=2916"}],"version-history":[{"count":0,"href":"https:\/\/agora.xtec.cat\/escolaestevebarrachina\/wp-json\/wp\/v2\/posts\/2916\/revisions"}],"wp:featuredmedia":[{"embeddable":true,"href":"https:\/\/agora.xtec.cat\/escolaestevebarrachina\/wp-json\/"}],"wp:attachment":[{"href":"https:\/\/agora.xtec.cat\/escolaestevebarrachina\/wp-json\/wp\/v2\/media?parent=2916"}],"wp:term":[{"taxonomy":"category","embeddable":true,"href":"https:\/\/agora.xtec.cat\/escolaestevebarrachina\/wp-json\/wp\/v2\/categories?post=2916"},{"taxonomy":"post_tag","embeddable":true,"href":"https:\/\/agora.xtec.cat\/escolaestevebarrachina\/wp-json\/wp\/v2\/tags?post=2916"}],"curies":[{"name":"wp","href":"https:\/\/api.w.org\/{rel}","templated":true}]}}