{"id":2907,"date":"2015-02-02T16:18:22","date_gmt":"2015-02-02T15:18:22","guid":{"rendered":"https:\/\/escolaestevebarrachina.cat\/?p=2907"},"modified":"2015-02-02T16:18:22","modified_gmt":"2015-02-02T15:18:22","slug":"mati-de-handbol-lescola","status":"publish","type":"post","link":"https:\/\/agora.xtec.cat\/escolaestevebarrachina\/blog\/mati-de-handbol-lescola\/","title":{"rendered":"Mat\u00ed de Handbol a l\u2019escola"},"content":{"rendered":"<p><a href=\"https:\/\/escolaestevebarrachina.cat\/wp-content\/uploads\/2015\/02\/Escola-Esteve-Barrachina_hanboll-1.jpg\"><img loading=\"lazy\" decoding=\"async\" class=\"aligncenter wp-image-2908 size-large\" src=\"https:\/\/escolaestevebarrachina.cat\/wp-content\/uploads\/2015\/02\/Escola-Esteve-Barrachina_hanboll-1-1024x682.jpg\" alt=\"Escola Esteve Barrachina_hanboll-1\" width=\"980\" height=\"652\" \/><\/a><br \/>\n<strong>Aquest passat dissabte<\/strong> les grades de l\u2019escola es van omplir per disfrutar d\u2019un mat\u00ed de handbol, aquest cop per partida doble. A les 9.00 del mat\u00ed l\u2019equip de l\u2019escola es va enfrontar al Gav\u00e0 \u201cBlau\u201d en un partit molt igualat i amb resultat final d\u2019empat. El nostre equip es situa quart en la classificaci\u00f3. A les 11.00, els petits de 1er i 2on van poder jugar finalment el seu primer partidet contra els Costerets de Sant Pere de Ribes. Un amist\u00f3s molt esperat per uns nens que van jugar molt concentrats i amb moltes ganes i que van aconseguir la vict\u00f2ria sense encaixar ni un gol. Els m\u00e9s petits trepitgen fort!!!!!.<\/p>\n<p><a href=\"https:\/\/escolaestevebarrachina.cat\/wp-content\/uploads\/2015\/02\/Escola-Esteve-Barrachina_hanboll-4.jpg\"><img loading=\"lazy\" decoding=\"async\" class=\"aligncenter size-full wp-image-2911\" src=\"https:\/\/escolaestevebarrachina.cat\/wp-content\/uploads\/2015\/02\/Escola-Esteve-Barrachina_hanboll-4.jpg\" alt=\"Escola Esteve Barrachina_hanboll-4\" width=\"640\" height=\"426\" \/><\/a><\/p>\n<p><a href=\"https:\/\/escolaestevebarrachina.cat\/wp-content\/uploads\/2015\/02\/Escola-Esteve-Barrachina_hanboll-2.jpg\"><img loading=\"lazy\" decoding=\"async\" class=\"aligncenter size-full wp-image-2909\" src=\"https:\/\/escolaestevebarrachina.cat\/wp-content\/uploads\/2015\/02\/Escola-Esteve-Barrachina_hanboll-2.jpg\" alt=\"Escola Esteve Barrachina_hanboll-2\" width=\"640\" height=\"426\" \/><\/a><\/p>\n","protected":false},"excerpt":{"rendered":"<p><a href=\"https:\/\/escolaestevebarrachina.cat\/wp-content\/uploads\/2015\/02\/Escola-Esteve-Barrachina_hanboll-1.jpg\"><\/a><br \/>\nAquest passat dissabte les grades de l\u2019escola es van omplir per disfrutar d\u2019un mat\u00ed de handbol, aquest cop per partida doble. A les 9.00 del mat\u00ed l\u2019equip de l\u2019escola es va enfrontar al Gav\u00e0 \u201cBlau\u201d en un partit molt igualat i amb resultat final&hellip;  <a href=\"https:\/\/agora.xtec.cat\/escolaestevebarrachina\/blog\/mati-de-handbol-lescola\/\" title=\"Read Mat\u00ed de Handbol a l\u2019escola\">Llegeix m\u00e9s\u00bb<\/a><\/p>\n","protected":false},"author":1,"featured_media":2908,"comment_status":"open","ping_status":"open","sticky":false,"template":"","format":"standard","meta":{"_bbp_topic_count":0,"_bbp_reply_count":0,"_bbp_total_topic_count":0,"_bbp_total_reply_count":0,"_bbp_voice_count":0,"_bbp_anonymous_reply_count":0,"_bbp_topic_count_hidden":0,"_bbp_reply_count_hidden":0,"_bbp_forum_subforum_count":0,"footnotes":""},"categories":[86],"tags":[130],"class_list":["post-2907","post","type-post","status-publish","format-standard","has-post-thumbnail","hentry","category-blog","tag-handbol"],"post_mailing_queue_ids":[],"_links":{"self":[{"href":"https:\/\/agora.xtec.cat\/escolaestevebarrachina\/wp-json\/wp\/v2\/posts\/2907","targetHints":{"allow":["GET"]}}],"collection":[{"href":"https:\/\/agora.xtec.cat\/escolaestevebarrachina\/wp-json\/wp\/v2\/posts"}],"about":[{"href":"https:\/\/agora.xtec.cat\/escolaestevebarrachina\/wp-json\/wp\/v2\/types\/post"}],"author":[{"embeddable":true,"href":"https:\/\/agora.xtec.cat\/escolaestevebarrachina\/wp-json\/wp\/v2\/users\/1"}],"replies":[{"embeddable":true,"href":"https:\/\/agora.xtec.cat\/escolaestevebarrachina\/wp-json\/wp\/v2\/comments?post=2907"}],"version-history":[{"count":0,"href":"https:\/\/agora.xtec.cat\/escolaestevebarrachina\/wp-json\/wp\/v2\/posts\/2907\/revisions"}],"wp:featuredmedia":[{"embeddable":true,"href":"https:\/\/agora.xtec.cat\/escolaestevebarrachina\/wp-json\/"}],"wp:attachment":[{"href":"https:\/\/agora.xtec.cat\/escolaestevebarrachina\/wp-json\/wp\/v2\/media?parent=2907"}],"wp:term":[{"taxonomy":"category","embeddable":true,"href":"https:\/\/agora.xtec.cat\/escolaestevebarrachina\/wp-json\/wp\/v2\/categories?post=2907"},{"taxonomy":"post_tag","embeddable":true,"href":"https:\/\/agora.xtec.cat\/escolaestevebarrachina\/wp-json\/wp\/v2\/tags?post=2907"}],"curies":[{"name":"wp","href":"https:\/\/api.w.org\/{rel}","templated":true}]}}