{"id":2903,"date":"2015-01-27T21:20:56","date_gmt":"2015-01-27T20:20:56","guid":{"rendered":"https:\/\/escolaestevebarrachina.cat\/?p=2903"},"modified":"2015-01-27T21:20:56","modified_gmt":"2015-01-27T20:20:56","slug":"cicle-de-xerrades-de-0-3-anys","status":"publish","type":"post","link":"https:\/\/agora.xtec.cat\/escolaestevebarrachina\/blog\/cicle-de-xerrades-de-0-3-anys\/","title":{"rendered":"Cicle de xerrades de 0 a 3 anys"},"content":{"rendered":"<p>&nbsp;<\/p>\n<p>30 de gener de 2015<\/p>\n<h3>Preparem l\u2019arribada del nad\u00f3 (dirigida a embarassades)<\/h3>\n<p>A c\u00e0rrec d&#8217;Arantxa Mart\u00ednez, fisioterapeuta del CDIAP Garraf<\/p>\n<p>[su_divider top=&#8221;no&#8221;]<\/p>\n<p>20 de febrer de 2015<\/p>\n<h3>Taller pr\u00e0ctic amb nadons. Estimulaci\u00f3 en l\u2019etapa de 0 a 12 mesos (Dirigida a nadons entre els 0 i els 7 mesos)<\/h3>\n<p>A c\u00e0rrec d&#8217;Arantxa Mart\u00ednez, fisioterapeuta del CDIAP Garraf<\/p>\n<p>[su_divider top=&#8221;no&#8221;]<\/p>\n<p>13 de mar\u00e7 de 2015<\/p>\n<h3>El meu fill\/a no menja. Qu\u00e8 puc fer?<\/h3>\n<p>A c\u00e0rrec d&#8217;Aurora Baena, psic\u00f2loga del CDIAP Garraf<\/p>\n<p>[su_divider top=&#8221;no&#8221;]<\/p>\n<p>17 d&#8217;abril de 2015<\/p>\n<h3>El meu fill\/a no parla. Qu\u00e8 puc fer?<\/h3>\n<p>A c\u00e0rrec de Merc\u00e8 Gausachs, logopeda del CDIAP Garraf<\/p>\n<p>17 d&#8217;abril de 2015<\/p>\n<p>[su_divider top=&#8221;no&#8221; style=&#8221;double&#8221;]<\/p>\n<p><strong>\u00c9s necessari inscripci\u00f3 pr\u00e8via.<\/strong><\/p>\n<p>Tel\u00e8fon: 93 815 64 43<\/p>\n<p>Mail: cdiapgarraf@cdiapgarraf.cat<\/p>\n<p><strong>Es recomana puntualitat.<\/strong><br \/>\nLloc: CDIAP Garraf &#8211; C\/ Crist\u00f2fol Ravent\u00f3s, 1b baixos &#8211; Vilanova i la Geltr\u00fa<\/p>\n<p>Horari: 9:30h<\/p>\n<p>Organitzador: CDIAP Garraf<\/p>\n<p><strong>Preu: Gratu\u00eft<\/strong><\/p>\n","protected":false},"excerpt":{"rendered":"<p>&nbsp;<br \/>\n30 de gener de 2015<br \/>\nPreparem l\u2019arribada del nad\u00f3 (dirigida a embarassades)<br \/>\nA c\u00e0rrec d&#8217;Arantxa Mart\u00ednez, fisioterapeuta del CDIAP Garraf<br \/>\n[su_divider top=&#8221;no&#8221;]<br \/>\n20 de febrer de 2015<br \/>\nTaller pr\u00e0ctic amb nadons. Estimulaci\u00f3 en l\u2019etapa de 0 a 12 mesos (Dirigida a nadons entre els 0 i els 7 mesos)<br \/>\nA c\u00e0rrec&hellip;  <a href=\"https:\/\/agora.xtec.cat\/escolaestevebarrachina\/blog\/cicle-de-xerrades-de-0-3-anys\/\" title=\"Read Cicle de xerrades de 0 a 3 anys\">Llegeix m\u00e9s\u00bb<\/a><\/p>\n","protected":false},"author":1,"featured_media":2906,"comment_status":"open","ping_status":"open","sticky":false,"template":"","format":"standard","meta":{"_bbp_topic_count":0,"_bbp_reply_count":0,"_bbp_total_topic_count":0,"_bbp_total_reply_count":0,"_bbp_voice_count":0,"_bbp_anonymous_reply_count":0,"_bbp_topic_count_hidden":0,"_bbp_reply_count_hidden":0,"_bbp_forum_subforum_count":0,"footnotes":""},"categories":[86,88],"tags":[111],"class_list":["post-2903","post","type-post","status-publish","format-standard","has-post-thumbnail","hentry","category-blog","category-educacio-infantil","tag-xerrades"],"post_mailing_queue_ids":[],"_links":{"self":[{"href":"https:\/\/agora.xtec.cat\/escolaestevebarrachina\/wp-json\/wp\/v2\/posts\/2903","targetHints":{"allow":["GET"]}}],"collection":[{"href":"https:\/\/agora.xtec.cat\/escolaestevebarrachina\/wp-json\/wp\/v2\/posts"}],"about":[{"href":"https:\/\/agora.xtec.cat\/escolaestevebarrachina\/wp-json\/wp\/v2\/types\/post"}],"author":[{"embeddable":true,"href":"https:\/\/agora.xtec.cat\/escolaestevebarrachina\/wp-json\/wp\/v2\/users\/1"}],"replies":[{"embeddable":true,"href":"https:\/\/agora.xtec.cat\/escolaestevebarrachina\/wp-json\/wp\/v2\/comments?post=2903"}],"version-history":[{"count":0,"href":"https:\/\/agora.xtec.cat\/escolaestevebarrachina\/wp-json\/wp\/v2\/posts\/2903\/revisions"}],"wp:featuredmedia":[{"embeddable":true,"href":"https:\/\/agora.xtec.cat\/escolaestevebarrachina\/wp-json\/"}],"wp:attachment":[{"href":"https:\/\/agora.xtec.cat\/escolaestevebarrachina\/wp-json\/wp\/v2\/media?parent=2903"}],"wp:term":[{"taxonomy":"category","embeddable":true,"href":"https:\/\/agora.xtec.cat\/escolaestevebarrachina\/wp-json\/wp\/v2\/categories?post=2903"},{"taxonomy":"post_tag","embeddable":true,"href":"https:\/\/agora.xtec.cat\/escolaestevebarrachina\/wp-json\/wp\/v2\/tags?post=2903"}],"curies":[{"name":"wp","href":"https:\/\/api.w.org\/{rel}","templated":true}]}}