{"id":2896,"date":"2015-01-26T07:42:19","date_gmt":"2015-01-26T06:42:19","guid":{"rendered":"https:\/\/escolaestevebarrachina.cat\/?p=2896"},"modified":"2015-01-26T07:42:19","modified_gmt":"2015-01-26T06:42:19","slug":"mirall-de-pau","status":"publish","type":"post","link":"https:\/\/agora.xtec.cat\/escolaestevebarrachina\/blog\/mirall-de-pau\/","title":{"rendered":"Aquesta quinzena escoltem\u2026  Mirall de Pau"},"content":{"rendered":"<p><a href=\"https:\/\/escolaestevebarrachina.cat\/wp-content\/uploads\/2015\/01\/Escola-Esteve-Barrachina_Joan-Gibert-dArtze-i-David-Melgar.jpg\"><img loading=\"lazy\" decoding=\"async\" class=\"alignleft size-full wp-image-2897\" src=\"https:\/\/escolaestevebarrachina.cat\/wp-content\/uploads\/2015\/01\/Escola-Esteve-Barrachina_Joan-Gibert-dArtze-i-David-Melgar.jpg\" alt=\"Escola Esteve Barrachina_Joan Gibert d'Artze i David Melgar\" width=\"300\" height=\"168\" \/><\/a><strong>Aquesta quinzena escoltem,<\/strong> la can\u00e7\u00f3 <em>Mirall de Pau<\/em> de David Melgar, director del camp d&#8217;Aprenentatge Pau Casals del Vendrell, autor de la m\u00fasica; i de Joan Gibert d&#8217;Artze autor de la lletra.<br \/>\nAquesta can\u00e7\u00f3 es va compondre per a ser cantada per tots els nens i nenes, dins la campanya &#8220;D\u00f3na la nota&#8221; que vol reivindicar la import\u00e0ncia de la m\u00fasica en la formaci\u00f3 dels infants.<br \/>\n<iframe loading=\"lazy\" title=\"Mirall de Pau (Amb Lletra) V\u00eddeo Oficial | D\u00d3NA LA NOTA (PeTaCa)\" width=\"500\" height=\"281\" src=\"https:\/\/www.youtube.com\/embed\/TX0W4sxV0cY?feature=oembed\" frameborder=\"0\" allow=\"accelerometer; autoplay; clipboard-write; encrypted-media; gyroscope; picture-in-picture; web-share\" referrerpolicy=\"strict-origin-when-cross-origin\" allowfullscreen><\/iframe><\/p>\n","protected":false},"excerpt":{"rendered":"<p><a href=\"https:\/\/escolaestevebarrachina.cat\/wp-content\/uploads\/2015\/01\/Escola-Esteve-Barrachina_Joan-Gibert-dArtze-i-David-Melgar.jpg\"><\/a>Aquesta quinzena escoltem, la can\u00e7\u00f3 Mirall de Pau de David Melgar, director del camp d&#8217;Aprenentatge Pau Casals del Vendrell, autor de la m\u00fasica; i de Joan Gibert d&#8217;Artze autor de la lletra.<br \/>\nAquesta can\u00e7\u00f3 es va compondre per a ser cantada per tots els nens&hellip;  <a href=\"https:\/\/agora.xtec.cat\/escolaestevebarrachina\/blog\/mirall-de-pau\/\" title=\"Read Aquesta quinzena escoltem\u2026  Mirall de Pau\">Llegeix m\u00e9s\u00bb<\/a><\/p>\n","protected":false},"author":1,"featured_media":2897,"comment_status":"open","ping_status":"open","sticky":false,"template":"","format":"standard","meta":{"_bbp_topic_count":0,"_bbp_reply_count":0,"_bbp_total_topic_count":0,"_bbp_total_reply_count":0,"_bbp_voice_count":0,"_bbp_anonymous_reply_count":0,"_bbp_topic_count_hidden":0,"_bbp_reply_count_hidden":0,"_bbp_forum_subforum_count":0,"footnotes":""},"categories":[121,86],"tags":[120],"class_list":["post-2896","post","type-post","status-publish","format-standard","has-post-thumbnail","hentry","category-aquesta-quinzena-escoltem","category-blog","tag-aquesta-quinzena-escoltem"],"post_mailing_queue_ids":[],"_links":{"self":[{"href":"https:\/\/agora.xtec.cat\/escolaestevebarrachina\/wp-json\/wp\/v2\/posts\/2896","targetHints":{"allow":["GET"]}}],"collection":[{"href":"https:\/\/agora.xtec.cat\/escolaestevebarrachina\/wp-json\/wp\/v2\/posts"}],"about":[{"href":"https:\/\/agora.xtec.cat\/escolaestevebarrachina\/wp-json\/wp\/v2\/types\/post"}],"author":[{"embeddable":true,"href":"https:\/\/agora.xtec.cat\/escolaestevebarrachina\/wp-json\/wp\/v2\/users\/1"}],"replies":[{"embeddable":true,"href":"https:\/\/agora.xtec.cat\/escolaestevebarrachina\/wp-json\/wp\/v2\/comments?post=2896"}],"version-history":[{"count":0,"href":"https:\/\/agora.xtec.cat\/escolaestevebarrachina\/wp-json\/wp\/v2\/posts\/2896\/revisions"}],"wp:featuredmedia":[{"embeddable":true,"href":"https:\/\/agora.xtec.cat\/escolaestevebarrachina\/wp-json\/"}],"wp:attachment":[{"href":"https:\/\/agora.xtec.cat\/escolaestevebarrachina\/wp-json\/wp\/v2\/media?parent=2896"}],"wp:term":[{"taxonomy":"category","embeddable":true,"href":"https:\/\/agora.xtec.cat\/escolaestevebarrachina\/wp-json\/wp\/v2\/categories?post=2896"},{"taxonomy":"post_tag","embeddable":true,"href":"https:\/\/agora.xtec.cat\/escolaestevebarrachina\/wp-json\/wp\/v2\/tags?post=2896"}],"curies":[{"name":"wp","href":"https:\/\/api.w.org\/{rel}","templated":true}]}}