{"id":2882,"date":"2015-01-12T10:38:04","date_gmt":"2015-01-12T09:38:04","guid":{"rendered":"https:\/\/escolaestevebarrachina.cat\/?p=2882"},"modified":"2015-01-12T10:38:04","modified_gmt":"2015-01-12T09:38:04","slug":"aquesta-quinzena-escoltem-el-senyor-dels-anells-la-comarca","status":"publish","type":"post","link":"https:\/\/agora.xtec.cat\/escolaestevebarrachina\/blog\/aquesta-quinzena-escoltem-el-senyor-dels-anells-la-comarca\/","title":{"rendered":"Aquesta quinzena escoltem\u2026  El senyor dels anells (La comarca)"},"content":{"rendered":"<p><a href=\"https:\/\/escolaestevebarrachina.cat\/wp-content\/uploads\/2015\/01\/Howard-Shore.png\"><img loading=\"lazy\" decoding=\"async\" class=\"alignleft wp-image-2883 size-full\" src=\"https:\/\/escolaestevebarrachina.cat\/wp-content\/uploads\/2015\/01\/Howard-Shore.png\" alt=\"Howard-Shore\" width=\"300\" height=\"168\" \/><\/a>Aquesta quinzena (del 12 al 23 de gener) escoltem <em>El senyor dels anells (La comarca)<\/em>. El seu compositor \u00e9s Howard Shore, nascut a Toronto (Canad\u00e0), el 18 d&#8217;octubre de 1946 i guanyador de 3 oscars per la m\u00fasica de la trilogia del Senyor dels anells que en total sumen gaireb\u00e9 onze hores.<\/p>\n<p>&nbsp;<\/p>\n<p>&nbsp;<\/p>\n<p>&nbsp;<\/p>\n<p><iframe loading=\"lazy\" title=\"La Comarca (THE LORD OF THE RINGS) The shire\" width=\"500\" height=\"375\" src=\"https:\/\/www.youtube.com\/embed\/-mHcnEmCZt0?feature=oembed\" frameborder=\"0\" allow=\"accelerometer; autoplay; clipboard-write; encrypted-media; gyroscope; picture-in-picture; web-share\" referrerpolicy=\"strict-origin-when-cross-origin\" allowfullscreen><\/iframe><\/p>\n","protected":false},"excerpt":{"rendered":"<p><a href=\"https:\/\/escolaestevebarrachina.cat\/wp-content\/uploads\/2015\/01\/Howard-Shore.png\"><\/a>Aquesta quinzena (del 12 al 23 de gener) escoltem El senyor dels anells (La comarca). El seu compositor \u00e9s Howard Shore, nascut a Toronto (Canad\u00e0), el 18 d&#8217;octubre de 1946 i guanyador de 3 oscars per la m\u00fasica de la trilogia del Senyor dels&hellip;  <a href=\"https:\/\/agora.xtec.cat\/escolaestevebarrachina\/blog\/aquesta-quinzena-escoltem-el-senyor-dels-anells-la-comarca\/\" title=\"Read Aquesta quinzena escoltem\u2026  El senyor dels anells (La comarca)\">Llegeix m\u00e9s\u00bb<\/a><\/p>\n","protected":false},"author":1,"featured_media":2883,"comment_status":"open","ping_status":"open","sticky":false,"template":"","format":"standard","meta":{"_bbp_topic_count":0,"_bbp_reply_count":0,"_bbp_total_topic_count":0,"_bbp_total_reply_count":0,"_bbp_voice_count":0,"_bbp_anonymous_reply_count":0,"_bbp_topic_count_hidden":0,"_bbp_reply_count_hidden":0,"_bbp_forum_subforum_count":0,"footnotes":""},"categories":[121,86],"tags":[122],"class_list":["post-2882","post","type-post","status-publish","format-standard","has-post-thumbnail","hentry","category-aquesta-quinzena-escoltem","category-blog","tag-musica"],"post_mailing_queue_ids":[],"_links":{"self":[{"href":"https:\/\/agora.xtec.cat\/escolaestevebarrachina\/wp-json\/wp\/v2\/posts\/2882","targetHints":{"allow":["GET"]}}],"collection":[{"href":"https:\/\/agora.xtec.cat\/escolaestevebarrachina\/wp-json\/wp\/v2\/posts"}],"about":[{"href":"https:\/\/agora.xtec.cat\/escolaestevebarrachina\/wp-json\/wp\/v2\/types\/post"}],"author":[{"embeddable":true,"href":"https:\/\/agora.xtec.cat\/escolaestevebarrachina\/wp-json\/wp\/v2\/users\/1"}],"replies":[{"embeddable":true,"href":"https:\/\/agora.xtec.cat\/escolaestevebarrachina\/wp-json\/wp\/v2\/comments?post=2882"}],"version-history":[{"count":0,"href":"https:\/\/agora.xtec.cat\/escolaestevebarrachina\/wp-json\/wp\/v2\/posts\/2882\/revisions"}],"wp:featuredmedia":[{"embeddable":true,"href":"https:\/\/agora.xtec.cat\/escolaestevebarrachina\/wp-json\/"}],"wp:attachment":[{"href":"https:\/\/agora.xtec.cat\/escolaestevebarrachina\/wp-json\/wp\/v2\/media?parent=2882"}],"wp:term":[{"taxonomy":"category","embeddable":true,"href":"https:\/\/agora.xtec.cat\/escolaestevebarrachina\/wp-json\/wp\/v2\/categories?post=2882"},{"taxonomy":"post_tag","embeddable":true,"href":"https:\/\/agora.xtec.cat\/escolaestevebarrachina\/wp-json\/wp\/v2\/tags?post=2882"}],"curies":[{"name":"wp","href":"https:\/\/api.w.org\/{rel}","templated":true}]}}