{"id":2873,"date":"2014-12-22T22:18:55","date_gmt":"2014-12-22T21:18:55","guid":{"rendered":"https:\/\/escolaestevebarrachina.cat\/?p=2873"},"modified":"2014-12-22T22:18:55","modified_gmt":"2014-12-22T21:18:55","slug":"guia-de-lectures-per-nadal","status":"publish","type":"post","link":"https:\/\/agora.xtec.cat\/escolaestevebarrachina\/blog\/guia-de-lectures-per-nadal\/","title":{"rendered":"Gu\u00eda de lectures per nadal"},"content":{"rendered":"<p><a href=\"https:\/\/escolaestevebarrachina.cat\/wp-content\/uploads\/2014\/12\/9788498259131_04_g.jpg\"><img loading=\"lazy\" decoding=\"async\" class=\"aligncenter size-large wp-image-2876\" src=\"https:\/\/escolaestevebarrachina.cat\/wp-content\/uploads\/2014\/12\/9788498259131_04_g.jpg\" alt=\"9788498259131_04_g\" width=\"640\" height=\"647\" \/><\/a><\/p>\n<p><strong>Us adjuntem la guia<\/strong> de lectura per aquest Nadal 2014, elaborada per les mestres que treballen en el Seminari de <a href=\"https:\/\/bibliotequesescolarsgarraf.wordpress.com\/\" target=\"_blank\" rel=\"noopener noreferrer\">Biblioteques Escolars del Garraf <\/a>(PFZ) durant aquest curs escolar 2014-2015. En el bloc enlla\u00e7at trobareu m\u00e9s informaci\u00f3 i material espec\u00edfic i de suport sobre el tema.<\/p>\n<p>[su_button url=&#8221;https:\/\/escolaestevebarrachina.cat\/wp-content\/uploads\/2014\/12\/Lectura_Nadal-2014_definitiva.pdf&#8221; target=&#8221;blank&#8221; style=&#8221;3d&#8221; background=&#8221;#2c2fef&#8221; size=&#8221;6&#8243; wide=&#8221;yes&#8221; icon=&#8221;icon: cloud-download&#8221; desc=&#8221;Descarregar&#8221; onclick=&#8221;clic&#8221;][\/su_button]<\/p>\n","protected":false},"excerpt":{"rendered":"<p><a href=\"https:\/\/escolaestevebarrachina.cat\/wp-content\/uploads\/2014\/12\/9788498259131_04_g.jpg\"><\/a><br \/>\nUs adjuntem la guia de lectura per aquest Nadal 2014, elaborada per les mestres que treballen en el Seminari de <a href=\"https:\/\/bibliotequesescolarsgarraf.wordpress.com\/\" target=\"_blank\" rel=\"noopener noreferrer\">Biblioteques Escolars del Garraf <\/a>(PFZ) durant aquest curs escolar 2014-2015. En el bloc enlla\u00e7at trobareu m\u00e9s informaci\u00f3 i material espec\u00edfic&hellip;  <a href=\"https:\/\/agora.xtec.cat\/escolaestevebarrachina\/blog\/guia-de-lectures-per-nadal\/\" title=\"Read Gu\u00eda de lectures per nadal\">Llegeix m\u00e9s\u00bb<\/a><\/p>\n","protected":false},"author":1,"featured_media":2344,"comment_status":"open","ping_status":"open","sticky":false,"template":"","format":"standard","meta":{"_bbp_topic_count":0,"_bbp_reply_count":0,"_bbp_total_topic_count":0,"_bbp_total_reply_count":0,"_bbp_voice_count":0,"_bbp_anonymous_reply_count":0,"_bbp_topic_count_hidden":0,"_bbp_reply_count_hidden":0,"_bbp_forum_subforum_count":0,"footnotes":""},"categories":[86,93,99,92],"tags":[69,129],"class_list":["post-2873","post","type-post","status-publish","format-standard","has-post-thumbnail","hentry","category-blog","category-cicle-inicial","category-cicle-mitja","category-cicle-superior","tag-lectura","tag-nadal2014"],"post_mailing_queue_ids":[],"_links":{"self":[{"href":"https:\/\/agora.xtec.cat\/escolaestevebarrachina\/wp-json\/wp\/v2\/posts\/2873","targetHints":{"allow":["GET"]}}],"collection":[{"href":"https:\/\/agora.xtec.cat\/escolaestevebarrachina\/wp-json\/wp\/v2\/posts"}],"about":[{"href":"https:\/\/agora.xtec.cat\/escolaestevebarrachina\/wp-json\/wp\/v2\/types\/post"}],"author":[{"embeddable":true,"href":"https:\/\/agora.xtec.cat\/escolaestevebarrachina\/wp-json\/wp\/v2\/users\/1"}],"replies":[{"embeddable":true,"href":"https:\/\/agora.xtec.cat\/escolaestevebarrachina\/wp-json\/wp\/v2\/comments?post=2873"}],"version-history":[{"count":0,"href":"https:\/\/agora.xtec.cat\/escolaestevebarrachina\/wp-json\/wp\/v2\/posts\/2873\/revisions"}],"wp:featuredmedia":[{"embeddable":true,"href":"https:\/\/agora.xtec.cat\/escolaestevebarrachina\/wp-json\/"}],"wp:attachment":[{"href":"https:\/\/agora.xtec.cat\/escolaestevebarrachina\/wp-json\/wp\/v2\/media?parent=2873"}],"wp:term":[{"taxonomy":"category","embeddable":true,"href":"https:\/\/agora.xtec.cat\/escolaestevebarrachina\/wp-json\/wp\/v2\/categories?post=2873"},{"taxonomy":"post_tag","embeddable":true,"href":"https:\/\/agora.xtec.cat\/escolaestevebarrachina\/wp-json\/wp\/v2\/tags?post=2873"}],"curies":[{"name":"wp","href":"https:\/\/api.w.org\/{rel}","templated":true}]}}