{"id":2864,"date":"2014-12-15T20:57:18","date_gmt":"2014-12-15T19:57:18","guid":{"rendered":"https:\/\/escolaestevebarrachina.cat\/?p=2864"},"modified":"2014-12-15T20:57:18","modified_gmt":"2014-12-15T19:57:18","slug":"aquesta-quinzena-escoltem-sleigh-ride","status":"publish","type":"post","link":"https:\/\/agora.xtec.cat\/escolaestevebarrachina\/blog\/aquesta-quinzena-escoltem-sleigh-ride\/","title":{"rendered":"Aquesta quinzena escoltem\u2026  Sleigh Ride"},"content":{"rendered":"<p><a href=\"https:\/\/escolaestevebarrachina.cat\/wp-content\/uploads\/2014\/10\/Robert-Sherman.jpg\"><img loading=\"lazy\" decoding=\"async\" class=\"alignleft size-full wp-image-2772\" src=\"https:\/\/escolaestevebarrachina.cat\/wp-content\/uploads\/2014\/10\/Robert-Sherman.jpg\" alt=\"Robert Sherman\" width=\"300\" height=\"168\" \/><\/a>Aquesta quinzena (15-23 de desembre) escoltem\u00a0<em>Sleigh Ride<\/em>. El compositor d&#8217;aquest tema \u00e9s Robert Sherman, que amb el seu germ\u00e0 Richard s\u00f3n autors de les can\u00e7ons m\u00e9s famoses de Disney.<\/p>\n<p>Van treballar en pel\u00b7l\u00edcules com Mary Poppins, El llibre de la selva, el Winnie the Pooh,..<br \/>\nEn Robert va n\u00e9ixer l&#8217;any 1925 a New York, Estats Units.<\/p>\n<p>&nbsp;<\/p>\n<p>&nbsp;<\/p>\n<p>&nbsp;<\/p>\n<p>https:\/\/www.youtube.com\/watch?v=avP6hK-4RdY<\/p>\n","protected":false},"excerpt":{"rendered":"<p><a href=\"https:\/\/escolaestevebarrachina.cat\/wp-content\/uploads\/2014\/10\/Robert-Sherman.jpg\"><\/a>Aquesta quinzena (15-23 de desembre) escoltem\u00a0Sleigh Ride. El compositor d&#8217;aquest tema \u00e9s Robert Sherman, que amb el seu germ\u00e0 Richard s\u00f3n autors de les can\u00e7ons m\u00e9s famoses de Disney.<br \/>\nVan treballar en pel\u00b7l\u00edcules com Mary Poppins, El llibre de la selva, el Winnie the Pooh,..<br \/>\nEn&hellip;  <a href=\"https:\/\/agora.xtec.cat\/escolaestevebarrachina\/blog\/aquesta-quinzena-escoltem-sleigh-ride\/\" title=\"Read Aquesta quinzena escoltem\u2026  Sleigh Ride\">Llegeix m\u00e9s\u00bb<\/a><\/p>\n","protected":false},"author":1,"featured_media":2772,"comment_status":"open","ping_status":"open","sticky":false,"template":"","format":"standard","meta":{"_bbp_topic_count":0,"_bbp_reply_count":0,"_bbp_total_topic_count":0,"_bbp_total_reply_count":0,"_bbp_voice_count":0,"_bbp_anonymous_reply_count":0,"_bbp_topic_count_hidden":0,"_bbp_reply_count_hidden":0,"_bbp_forum_subforum_count":0,"footnotes":""},"categories":[121,86],"tags":[],"class_list":["post-2864","post","type-post","status-publish","format-standard","has-post-thumbnail","hentry","category-aquesta-quinzena-escoltem","category-blog"],"post_mailing_queue_ids":[],"_links":{"self":[{"href":"https:\/\/agora.xtec.cat\/escolaestevebarrachina\/wp-json\/wp\/v2\/posts\/2864","targetHints":{"allow":["GET"]}}],"collection":[{"href":"https:\/\/agora.xtec.cat\/escolaestevebarrachina\/wp-json\/wp\/v2\/posts"}],"about":[{"href":"https:\/\/agora.xtec.cat\/escolaestevebarrachina\/wp-json\/wp\/v2\/types\/post"}],"author":[{"embeddable":true,"href":"https:\/\/agora.xtec.cat\/escolaestevebarrachina\/wp-json\/wp\/v2\/users\/1"}],"replies":[{"embeddable":true,"href":"https:\/\/agora.xtec.cat\/escolaestevebarrachina\/wp-json\/wp\/v2\/comments?post=2864"}],"version-history":[{"count":0,"href":"https:\/\/agora.xtec.cat\/escolaestevebarrachina\/wp-json\/wp\/v2\/posts\/2864\/revisions"}],"wp:featuredmedia":[{"embeddable":true,"href":"https:\/\/agora.xtec.cat\/escolaestevebarrachina\/wp-json\/"}],"wp:attachment":[{"href":"https:\/\/agora.xtec.cat\/escolaestevebarrachina\/wp-json\/wp\/v2\/media?parent=2864"}],"wp:term":[{"taxonomy":"category","embeddable":true,"href":"https:\/\/agora.xtec.cat\/escolaestevebarrachina\/wp-json\/wp\/v2\/categories?post=2864"},{"taxonomy":"post_tag","embeddable":true,"href":"https:\/\/agora.xtec.cat\/escolaestevebarrachina\/wp-json\/wp\/v2\/tags?post=2864"}],"curies":[{"name":"wp","href":"https:\/\/api.w.org\/{rel}","templated":true}]}}