{"id":2859,"date":"2014-12-04T23:13:46","date_gmt":"2014-12-04T22:13:46","guid":{"rendered":"https:\/\/escolaestevebarrachina.cat\/?p=2859"},"modified":"2014-12-04T23:13:46","modified_gmt":"2014-12-04T22:13:46","slug":"decoracio-dels-passadissos","status":"publish","type":"post","link":"https:\/\/agora.xtec.cat\/escolaestevebarrachina\/blog\/decoracio-dels-passadissos\/","title":{"rendered":"Decoraci\u00f3 dels passadissos."},"content":{"rendered":"<p>Ja tornem a estar en \u00e8poca nadalenca i seguint el mateix tarann\u00e0 dels darrers anys i donada la bona resposta que hem tingut, us demanem la vostra col\u00b7laboraci\u00f3 per a la decoraci\u00f3 dels passadissos.<\/p>\n<p>El centre d\u2019inter\u00e8s d\u2019enguany ser\u00e0 : \u201c<strong>Joguines pel Nadal\u201d<\/strong><\/p>\n<p>La idea \u00e9s plasmar el joc en cartolines per penjar del sostre, com per exemple:<\/p>\n<ul>\n<li>Fer m\u00f2bils<\/li>\n<li>Personatges de contes<\/li>\n<li>Personatges de Nadal<\/li>\n<li>Nadales: notes musicals.<\/li>\n<li>Joc de l\u2019Oca amb el dau&#8230;.<\/li>\n<\/ul>\n<p>Animeu-vos a\u00a0 participar.<\/p>\n","protected":false},"excerpt":{"rendered":"<p>Ja tornem a estar en \u00e8poca nadalenca i seguint el mateix tarann\u00e0 dels darrers anys i donada la bona resposta que hem tingut, us demanem la vostra col\u00b7laboraci\u00f3 per a la decoraci\u00f3 dels passadissos.<br \/>\nEl centre d\u2019inter\u00e8s d\u2019enguany ser\u00e0 : \u201cJoguines pel Nadal\u201d<br \/>\nLa idea \u00e9s plasmar&hellip;  <a href=\"https:\/\/agora.xtec.cat\/escolaestevebarrachina\/blog\/decoracio-dels-passadissos\/\" title=\"Read Decoraci\u00f3 dels passadissos.\">Llegeix m\u00e9s\u00bb<\/a><\/p>\n","protected":false},"author":1,"featured_media":2860,"comment_status":"open","ping_status":"open","sticky":false,"template":"","format":"standard","meta":{"_bbp_topic_count":0,"_bbp_reply_count":0,"_bbp_total_topic_count":0,"_bbp_total_reply_count":0,"_bbp_voice_count":0,"_bbp_anonymous_reply_count":0,"_bbp_topic_count_hidden":0,"_bbp_reply_count_hidden":0,"_bbp_forum_subforum_count":0,"footnotes":""},"categories":[86],"tags":[129],"class_list":["post-2859","post","type-post","status-publish","format-standard","has-post-thumbnail","hentry","category-blog","tag-nadal2014"],"post_mailing_queue_ids":[],"_links":{"self":[{"href":"https:\/\/agora.xtec.cat\/escolaestevebarrachina\/wp-json\/wp\/v2\/posts\/2859","targetHints":{"allow":["GET"]}}],"collection":[{"href":"https:\/\/agora.xtec.cat\/escolaestevebarrachina\/wp-json\/wp\/v2\/posts"}],"about":[{"href":"https:\/\/agora.xtec.cat\/escolaestevebarrachina\/wp-json\/wp\/v2\/types\/post"}],"author":[{"embeddable":true,"href":"https:\/\/agora.xtec.cat\/escolaestevebarrachina\/wp-json\/wp\/v2\/users\/1"}],"replies":[{"embeddable":true,"href":"https:\/\/agora.xtec.cat\/escolaestevebarrachina\/wp-json\/wp\/v2\/comments?post=2859"}],"version-history":[{"count":0,"href":"https:\/\/agora.xtec.cat\/escolaestevebarrachina\/wp-json\/wp\/v2\/posts\/2859\/revisions"}],"wp:featuredmedia":[{"embeddable":true,"href":"https:\/\/agora.xtec.cat\/escolaestevebarrachina\/wp-json\/"}],"wp:attachment":[{"href":"https:\/\/agora.xtec.cat\/escolaestevebarrachina\/wp-json\/wp\/v2\/media?parent=2859"}],"wp:term":[{"taxonomy":"category","embeddable":true,"href":"https:\/\/agora.xtec.cat\/escolaestevebarrachina\/wp-json\/wp\/v2\/categories?post=2859"},{"taxonomy":"post_tag","embeddable":true,"href":"https:\/\/agora.xtec.cat\/escolaestevebarrachina\/wp-json\/wp\/v2\/tags?post=2859"}],"curies":[{"name":"wp","href":"https:\/\/api.w.org\/{rel}","templated":true}]}}