{"id":2836,"date":"2014-11-25T23:41:13","date_gmt":"2014-11-25T22:41:13","guid":{"rendered":"https:\/\/escolaestevebarrachina.cat\/?p=2836"},"modified":"2014-11-25T23:41:13","modified_gmt":"2014-11-25T22:41:13","slug":"votacions-dels-representants-al-consell-escolar","status":"publish","type":"post","link":"https:\/\/agora.xtec.cat\/escolaestevebarrachina\/blog\/votacions-dels-representants-al-consell-escolar\/","title":{"rendered":"Votacions dels representants al Consell Escolar"},"content":{"rendered":"<p><strong>Us recordem que:<\/strong><br \/>\n<strong>El proper dijous dia 27 de novembre<\/strong> tindran lloc les votacions dels representants del sector fam\u00edlies al Consell Escolar, <strong>de 15h a 19h, al vest\u00edbul de consergeria.<\/strong><br \/>\nEnguany s\u2019han presentat tres candidats\/tes, dels quals n\u2019han de ser elegits \/des 2 per formar part del consell escolar, per tant caldr\u00e0 que en la papereta marqueu amb una creu un m\u00e0xim de dues persones.<br \/>\nEls pares i mares representants al consell opinen, avaluen i elaboren propostes per a la millora del funcionament del centre educatiu. Les decisions que es prenen al consell escolar s\u00f3n decisives per al funcionament i la millora del centre i, per tant, tamb\u00e9 per a l&#8217;\u00e8xit educatiu de tots els alumnes.<br \/>\nLa seva participaci\u00f3 en el consell escolar vol dir, tamb\u00e9, fer una tasca de representaci\u00f3. Aix\u00f2 significa que, com a membres del consell, la seva participaci\u00f3 \u00e9s en representaci\u00f3 de totes les fam\u00edlies, donant veu a les seves peticions, preocupacions i iniciatives . \u00c9s per aquest motiu que la vostra participaci\u00f3 i implicaci\u00f3 com a pares i mares en les eleccions al consell escolar \u00e9s tan important.<br \/>\nQuan les fam\u00edlies participeu en les eleccions, doneu suport al vostre candidat i delegueu en la seva veu i representaci\u00f3. Aix\u00ed feu arribar les seves opinions i aportacions. \u00c9s important que participeu en les eleccions al consell escolar<br \/>\nPARTICIPA!!!!!!!<\/p>\n","protected":false},"excerpt":{"rendered":"<p>Us recordem que:<br \/>\nEl proper dijous dia 27 de novembre tindran lloc les votacions dels representants del sector fam\u00edlies al Consell Escolar, de 15h a 19h, al vest\u00edbul de consergeria.<br \/>\nEnguany s\u2019han presentat tres candidats\/tes, dels quals n\u2019han de ser elegits \/des 2 per formar part del&hellip;  <a href=\"https:\/\/agora.xtec.cat\/escolaestevebarrachina\/blog\/votacions-dels-representants-al-consell-escolar\/\" title=\"Read Votacions dels representants al Consell Escolar\">Llegeix m\u00e9s\u00bb<\/a><\/p>\n","protected":false},"author":1,"featured_media":2837,"comment_status":"open","ping_status":"open","sticky":false,"template":"","format":"standard","meta":{"_bbp_topic_count":0,"_bbp_reply_count":0,"_bbp_total_topic_count":0,"_bbp_total_reply_count":0,"_bbp_voice_count":0,"_bbp_anonymous_reply_count":0,"_bbp_topic_count_hidden":0,"_bbp_reply_count_hidden":0,"_bbp_forum_subforum_count":0,"footnotes":""},"categories":[86,124],"tags":[125],"class_list":["post-2836","post","type-post","status-publish","format-standard","has-post-thumbnail","hentry","category-blog","category-consell-escolar","tag-consell-escolar"],"post_mailing_queue_ids":[],"_links":{"self":[{"href":"https:\/\/agora.xtec.cat\/escolaestevebarrachina\/wp-json\/wp\/v2\/posts\/2836","targetHints":{"allow":["GET"]}}],"collection":[{"href":"https:\/\/agora.xtec.cat\/escolaestevebarrachina\/wp-json\/wp\/v2\/posts"}],"about":[{"href":"https:\/\/agora.xtec.cat\/escolaestevebarrachina\/wp-json\/wp\/v2\/types\/post"}],"author":[{"embeddable":true,"href":"https:\/\/agora.xtec.cat\/escolaestevebarrachina\/wp-json\/wp\/v2\/users\/1"}],"replies":[{"embeddable":true,"href":"https:\/\/agora.xtec.cat\/escolaestevebarrachina\/wp-json\/wp\/v2\/comments?post=2836"}],"version-history":[{"count":0,"href":"https:\/\/agora.xtec.cat\/escolaestevebarrachina\/wp-json\/wp\/v2\/posts\/2836\/revisions"}],"wp:featuredmedia":[{"embeddable":true,"href":"https:\/\/agora.xtec.cat\/escolaestevebarrachina\/wp-json\/"}],"wp:attachment":[{"href":"https:\/\/agora.xtec.cat\/escolaestevebarrachina\/wp-json\/wp\/v2\/media?parent=2836"}],"wp:term":[{"taxonomy":"category","embeddable":true,"href":"https:\/\/agora.xtec.cat\/escolaestevebarrachina\/wp-json\/wp\/v2\/categories?post=2836"},{"taxonomy":"post_tag","embeddable":true,"href":"https:\/\/agora.xtec.cat\/escolaestevebarrachina\/wp-json\/wp\/v2\/tags?post=2836"}],"curies":[{"name":"wp","href":"https:\/\/api.w.org\/{rel}","templated":true}]}}