{"id":2808,"date":"2018-12-11T08:50:09","date_gmt":"2018-12-11T07:50:09","guid":{"rendered":"https:\/\/biblioteca.escolaestevebarrachina.cat\/?p=2808"},"modified":"2018-12-11T08:50:09","modified_gmt":"2018-12-11T07:50:09","slug":"novetats-biblioteca","status":"publish","type":"post","link":"https:\/\/agora.xtec.cat\/escolaestevebarrachina\/general\/novetats-biblioteca\/","title":{"rendered":"Novetats biblioteca"},"content":{"rendered":"<p>Ens acaba d&#8217;arribar a la biblioteca de la nostra escola aquest llibre :<\/p>\n<p><img loading=\"lazy\" decoding=\"async\" class=\"alignnone size-full wp-image-2809\" src=\"https:\/\/biblioteca.escolaestevebarrachina.cat\/wp-content\/uploads\/2018\/12\/CobertaQuiQueOn.png\" alt=\"\" width=\"801\" height=\"399\" \/><\/p>\n<p>&nbsp;<\/p>\n<p>&nbsp;<\/p>\n<p><strong>Qui Qu\u00e8 On<\/strong> \u00e9s el segon t\u00edtol d\u2019aquesta col\u00b7lecci\u00f3 creada per l\u2019Olivier Tallec. A cada doble p\u00e0gina, una situaci\u00f3, uns personatges i una pregunta. A trav\u00e9s de l\u2019observaci\u00f3 i del joc, els infants hauran de trobar els protagonistes de cada situaci\u00f3. El llibre, per\u00f2, els dur\u00e0 molt m\u00e9s enll\u00e0. Qu\u00e8 ha passat? Per qu\u00e8 ha passat? Com se senten els protagonistes? I els que no ho s\u00f3n? Quines emocions experimenten?<\/p>\n<p><img loading=\"lazy\" decoding=\"async\" class=\"alignnone size-full wp-image-2810\" src=\"https:\/\/biblioteca.escolaestevebarrachina.cat\/wp-content\/uploads\/2018\/12\/Qui\u00e9n-qu\u00e9-d\u00f3nde_Oliver-Tallec-1.jpg\" alt=\"\" width=\"549\" height=\"557\" \/><\/p>\n<p>Us el recomanem per als m\u00e9s petits de la cas, infantil i cicle inicial, per a llegir-lo conjuntament i compartir jugant.<\/p>\n","protected":false},"excerpt":{"rendered":"<p>Ens acaba d&#8217;arribar a la biblioteca de la nostra escola aquest llibre :<\/p>\n<p>&nbsp;<br \/>\n&nbsp;<br \/>\nQui Qu\u00e8 On \u00e9s el segon t\u00edtol d\u2019aquesta col\u00b7lecci\u00f3 creada per l\u2019Olivier Tallec. A cada doble p\u00e0gina, una situaci\u00f3, uns personatges i una pregunta. A trav\u00e9s de l\u2019observaci\u00f3 i del joc, els infants&hellip;  <a href=\"https:\/\/agora.xtec.cat\/escolaestevebarrachina\/general\/novetats-biblioteca\/\" title=\"Read Novetats biblioteca\">Llegeix m\u00e9s\u00bb<\/a><\/p>\n","protected":false},"author":1,"featured_media":10813,"comment_status":"open","ping_status":"open","sticky":false,"template":"","format":"standard","meta":{"_bbp_topic_count":0,"_bbp_reply_count":0,"_bbp_total_topic_count":0,"_bbp_total_reply_count":0,"_bbp_voice_count":0,"_bbp_anonymous_reply_count":0,"_bbp_topic_count_hidden":0,"_bbp_reply_count_hidden":0,"_bbp_forum_subforum_count":0,"footnotes":""},"categories":[86,158,1],"tags":[],"class_list":["post-2808","post","type-post","status-publish","format-standard","has-post-thumbnail","hentry","category-blog","category-biblioteca","category-general"],"post_mailing_queue_ids":[],"_links":{"self":[{"href":"https:\/\/agora.xtec.cat\/escolaestevebarrachina\/wp-json\/wp\/v2\/posts\/2808","targetHints":{"allow":["GET"]}}],"collection":[{"href":"https:\/\/agora.xtec.cat\/escolaestevebarrachina\/wp-json\/wp\/v2\/posts"}],"about":[{"href":"https:\/\/agora.xtec.cat\/escolaestevebarrachina\/wp-json\/wp\/v2\/types\/post"}],"author":[{"embeddable":true,"href":"https:\/\/agora.xtec.cat\/escolaestevebarrachina\/wp-json\/wp\/v2\/users\/1"}],"replies":[{"embeddable":true,"href":"https:\/\/agora.xtec.cat\/escolaestevebarrachina\/wp-json\/wp\/v2\/comments?post=2808"}],"version-history":[{"count":0,"href":"https:\/\/agora.xtec.cat\/escolaestevebarrachina\/wp-json\/wp\/v2\/posts\/2808\/revisions"}],"wp:featuredmedia":[{"embeddable":true,"href":"https:\/\/agora.xtec.cat\/escolaestevebarrachina\/wp-json\/"}],"wp:attachment":[{"href":"https:\/\/agora.xtec.cat\/escolaestevebarrachina\/wp-json\/wp\/v2\/media?parent=2808"}],"wp:term":[{"taxonomy":"category","embeddable":true,"href":"https:\/\/agora.xtec.cat\/escolaestevebarrachina\/wp-json\/wp\/v2\/categories?post=2808"},{"taxonomy":"post_tag","embeddable":true,"href":"https:\/\/agora.xtec.cat\/escolaestevebarrachina\/wp-json\/wp\/v2\/tags?post=2808"}],"curies":[{"name":"wp","href":"https:\/\/api.w.org\/{rel}","templated":true}]}}