{"id":2801,"date":"2018-12-10T19:58:37","date_gmt":"2018-12-10T18:58:37","guid":{"rendered":"https:\/\/biblioteca.escolaestevebarrachina.cat\/?p=2801"},"modified":"2018-12-10T19:58:37","modified_gmt":"2018-12-10T18:58:37","slug":"guia-de-lectures-per-nadal-2018","status":"publish","type":"post","link":"https:\/\/agora.xtec.cat\/escolaestevebarrachina\/biblioteca\/guia-de-lectures-per-nadal-2018\/","title":{"rendered":"GUIA DE LECTURES PER NADAL 2018"},"content":{"rendered":"<p>Ara b\u00e9 Nadal i aquest \u00e9s un bon moment per regalar-nos bones lectures i gaudir-les amb companyia, durant aquestes festes.<\/p>\n<p>Us passem aquesta guia de llibres d&#8217;imaginaci\u00f3 i de coneixements, elaborada pel\u00a0 Grup de treball de Literatura Infantil i Juvenil ( LIJ ) del Garraf de la qual en forma part la nostra escola. \u00c9s una acurada selecci\u00f3 de\u00a0 llibres\u00a0 de diverses tem\u00e0tiques, adre\u00e7ats als infants des de P3 fins a 6\u00e8, que l&#8217;equip de treball ha valorat pr\u00e8viament. La distribuci\u00f3 que s&#8217;ha fet per cicles \u00e9s orientativa, tot dep\u00e8n de l&#8217;inter\u00e8s de cada l&#8217;infant. Esperem que aquesta guia us ajudi escollir el llibre adient per a format part de la biblioteca del vostre fill\/a.<\/p>\n<p><img loading=\"lazy\" decoding=\"async\" class=\"alignnone size-full wp-image-2802\" src=\"https:\/\/biblioteca.escolaestevebarrachina.cat\/wp-content\/uploads\/2018\/12\/Guia-1.png\" alt=\"\" width=\"877\" height=\"579\" \/><\/p>\n<p>&nbsp;<\/p>\n<p><img loading=\"lazy\" decoding=\"async\" class=\"alignnone size-full wp-image-2803\" src=\"https:\/\/biblioteca.escolaestevebarrachina.cat\/wp-content\/uploads\/2018\/12\/Guia-2.png\" alt=\"\" width=\"877\" height=\"579\" \/><a href=\"https:\/\/biblioteca.escolaestevebarrachina.cat\/wp-content\/uploads\/2018\/12\/Guia-nadal-2018-definitiva.pdf\">GUIA DE NADAL 2018. DESCARREGA-LA<\/a><\/p>\n","protected":false},"excerpt":{"rendered":"<p>Ara b\u00e9 Nadal i aquest \u00e9s un bon moment per regalar-nos bones lectures i gaudir-les amb companyia, durant aquestes festes.<br \/>\nUs passem aquesta guia de llibres d&#8217;imaginaci\u00f3 i de coneixements, elaborada pel\u00a0 Grup de treball de Literatura Infantil i Juvenil ( LIJ ) del Garraf de&hellip;  <a href=\"https:\/\/agora.xtec.cat\/escolaestevebarrachina\/biblioteca\/guia-de-lectures-per-nadal-2018\/\" title=\"Read GUIA DE LECTURES PER NADAL 2018\">Llegeix m\u00e9s\u00bb<\/a><\/p>\n","protected":false},"author":1,"featured_media":10815,"comment_status":"open","ping_status":"open","sticky":false,"template":"","format":"standard","meta":{"_bbp_topic_count":0,"_bbp_reply_count":0,"_bbp_total_topic_count":0,"_bbp_total_reply_count":0,"_bbp_voice_count":0,"_bbp_anonymous_reply_count":0,"_bbp_topic_count_hidden":0,"_bbp_reply_count_hidden":0,"_bbp_forum_subforum_count":0,"footnotes":""},"categories":[158],"tags":[159],"class_list":["post-2801","post","type-post","status-publish","format-standard","has-post-thumbnail","hentry","category-biblioteca","tag-guia-de-lectures-nadal"],"post_mailing_queue_ids":[],"_links":{"self":[{"href":"https:\/\/agora.xtec.cat\/escolaestevebarrachina\/wp-json\/wp\/v2\/posts\/2801","targetHints":{"allow":["GET"]}}],"collection":[{"href":"https:\/\/agora.xtec.cat\/escolaestevebarrachina\/wp-json\/wp\/v2\/posts"}],"about":[{"href":"https:\/\/agora.xtec.cat\/escolaestevebarrachina\/wp-json\/wp\/v2\/types\/post"}],"author":[{"embeddable":true,"href":"https:\/\/agora.xtec.cat\/escolaestevebarrachina\/wp-json\/wp\/v2\/users\/1"}],"replies":[{"embeddable":true,"href":"https:\/\/agora.xtec.cat\/escolaestevebarrachina\/wp-json\/wp\/v2\/comments?post=2801"}],"version-history":[{"count":0,"href":"https:\/\/agora.xtec.cat\/escolaestevebarrachina\/wp-json\/wp\/v2\/posts\/2801\/revisions"}],"wp:featuredmedia":[{"embeddable":true,"href":"https:\/\/agora.xtec.cat\/escolaestevebarrachina\/wp-json\/"}],"wp:attachment":[{"href":"https:\/\/agora.xtec.cat\/escolaestevebarrachina\/wp-json\/wp\/v2\/media?parent=2801"}],"wp:term":[{"taxonomy":"category","embeddable":true,"href":"https:\/\/agora.xtec.cat\/escolaestevebarrachina\/wp-json\/wp\/v2\/categories?post=2801"},{"taxonomy":"post_tag","embeddable":true,"href":"https:\/\/agora.xtec.cat\/escolaestevebarrachina\/wp-json\/wp\/v2\/tags?post=2801"}],"curies":[{"name":"wp","href":"https:\/\/api.w.org\/{rel}","templated":true}]}}