{"id":2800,"date":"2014-11-01T12:55:17","date_gmt":"2014-11-01T11:55:17","guid":{"rendered":"https:\/\/escolaestevebarrachina.cat\/?p=2800"},"modified":"2014-11-01T12:55:17","modified_gmt":"2014-11-01T11:55:17","slug":"eleccions-al-consell-escolar-2014","status":"publish","type":"post","link":"https:\/\/agora.xtec.cat\/escolaestevebarrachina\/activitats-del-centre\/eleccions-al-consell-escolar-2014\/","title":{"rendered":"Eleccions al Consell Escolar 2014"},"content":{"rendered":"<p><strong>Ens trobem davant unes noves<\/strong> eleccions del Consell Escolar de la nostra escola. Aquest \u00e9s el fet m\u00e9s important de participaci\u00f3 i comprom\u00eds que pot exercir la comunitat educativa per tractar temes de rellev\u00e0ncia per a l&#8217;educaci\u00f3 dels nostres infants. Les decisions que es prenen al Consell Escolar s\u00f3n decisives per al funcionament i la millora del centre.\u00c9s per aquest motiu que la vostra participaci\u00f3 i implicaci\u00f3 en les eleccions al Consell \u00e9s tan important.<\/p>\n<p>Per participar en les eleccions del Consell Escolar ho podeu fer de dues maneres:<\/p>\n<ul>\n<li>Presentant-vos com a candidats per representar el sector pares i mares al Consell.<\/li>\n<li>Participant i votant els candidats que considereu m\u00e9s representatius, el dia de les votacions.<\/li>\n<\/ul>\n<p>&nbsp;<\/p>\n<p>El Consell Escolar el formen representants de tota la comunitat educativa: direcci\u00f3, professorat, fam\u00edlies, personal d&#8217;administraci\u00f3 i serveis i un representant de l&#8217; Ajuntament. Aquests representants s\u00f3n escollits per un per\u00edode de quatre anys, per\u00f2 cada dos anys es convoquen noves eleccions per renovar la meitat dels seus membres.<\/p>\n<p><strong>CALENDARI DEL PROC\u00c9S:<\/strong><\/p>\n<p>[su_box title=&#8221;3 Novembre&#8221;]Publicaci\u00f3 del cens provisional a la cartellera interior del centre. [\/su_box]<\/p>\n<p>[su_box title=&#8221;4 Novembre&#8221;]Inici termini de reclamacions al cens. Inici per\u00edode presentaci\u00f3 candidatures. Per presentar candidatura cal omplir i signar un impr\u00e8s que podeu sol.licitar a secretaria del centre i portar una foto carnet. [\/su_box]<\/p>\n<p>[su_box title=&#8221;7 Novembre&#8221;]13h30. Sorteig entre les fam\u00edlies per formar part de la Mesa electoral. [\/su_box]<\/p>\n<p>[su_box title=&#8221;11 Novembre&#8221;]Constituci\u00f3 de la Mesa Electoral.[\/su_box]<\/p>\n<p>[su_box title=&#8221;12 Novembre&#8221;]Publicaci\u00f3 cens definitiu, un cop resoltes les reclamacions.[\/su_box]<\/p>\n<p>[su_box title=&#8221;14 Novembre&#8221;]\u00daltim dia presentaci\u00f3 candidatures.[\/su_box]<\/p>\n<p>[su_box title=&#8221;18 Novembre&#8221;]Publicaci\u00f3 Candidatures.[\/su_box]<\/p>\n<p>[su_box title=&#8221;27 Novembre&#8221;]Eleccions sector fam\u00edlies.[\/su_box]<\/p>\n<p>[su_box title=&#8221;28 Novembre&#8221;]Publicaci\u00f3 dels resultats.[\/su_box]<\/p>\n<p>[su_box title=&#8221;16 Desembre&#8221;]Constituci\u00f3 nou Consell Escolar.[\/su_box]<\/p>\n<h6>M\u00e9s informaci\u00f3<\/h6>\n<p><a href=\"http:\/\/www20.gencat.cat\/portal\/site\/familiaescola\/menuitem.5b21aabe12191ad9aacf3010b0c0e1a0\/?vgnextoid=f75654354a80b310VgnVCM2000009b0c1e0aRCRD&amp;vgnextchannel=f75654354a80b310VgnVCM2000009b0c1e0aRCRD&amp;vgnextfmt=default\" target=\"_blank\" rel=\"noopener noreferrer\">Web Fam\u00edlia i Escola<\/a><\/p>\n<p><a href=\"http:\/\/www20.gencat.cat\/portal\/site\/ensenyament\/menuitem.75e1c94eb5dd9e184ed22010b0c0e1a0\/?vgnextoid=f6c263fddc7e9310VgnVCM1000008d0c1e0aRCRD&amp;vgnextchannel=f6c263fddc7e9310VgnVCM1000008d0c1e0aRCRD&amp;vgnextfmt=default\" target=\"_blank\" rel=\"noopener noreferrer\">Web d&#8217;Ensenyament<\/a><\/p>\n<p>&nbsp;<\/p>\n<p><object id=\"big_player\" title=\"\" data=\"http:\/\/www20.gencat.cat\/docs\/big\/big_player.swf?id=6584255009121112\" type=\"application\/x-shockwave-flash\" width=\"640\" height=\"360\"><param name=\"allowScriptAccess\" value=\"always\" \/><param name=\"allowFullScreen\" value=\"true\" \/><param name=\"movie\" value=\"http:\/\/www20.gencat.cat\/docs\/big\/big_player.swf?id=6584255009121112\" \/><param name=\"quality\" value=\"high\" \/><param name=\"bgcolor\" value=\"#ffffff\" \/><param name=\"wmode\" value=\"transparent\" \/><\/object><\/p>\n<p>&nbsp;<\/p>\n<p>&nbsp;<\/p>\n","protected":false},"excerpt":{"rendered":"<p>Ens trobem davant unes noves eleccions del Consell Escolar de la nostra escola. Aquest \u00e9s el fet m\u00e9s important de participaci\u00f3 i comprom\u00eds que pot exercir la comunitat educativa per tractar temes de rellev\u00e0ncia per a l&#8217;educaci\u00f3 dels nostres infants. Les decisions que es prenen&hellip;  <a href=\"https:\/\/agora.xtec.cat\/escolaestevebarrachina\/activitats-del-centre\/eleccions-al-consell-escolar-2014\/\" title=\"Read Eleccions al Consell Escolar 2014\">Llegeix m\u00e9s\u00bb<\/a><\/p>\n","protected":false},"author":1,"featured_media":2812,"comment_status":"open","ping_status":"open","sticky":false,"template":"","format":"standard","meta":{"_bbp_topic_count":0,"_bbp_reply_count":0,"_bbp_total_topic_count":0,"_bbp_total_reply_count":0,"_bbp_voice_count":0,"_bbp_anonymous_reply_count":0,"_bbp_topic_count_hidden":0,"_bbp_reply_count_hidden":0,"_bbp_forum_subforum_count":0,"footnotes":""},"categories":[84,86,124,94],"tags":[125],"class_list":["post-2800","post","type-post","status-publish","format-standard","has-post-thumbnail","hentry","category-activitats-del-centre","category-blog","category-consell-escolar","category-informacions-del-centre","tag-consell-escolar"],"post_mailing_queue_ids":[],"_links":{"self":[{"href":"https:\/\/agora.xtec.cat\/escolaestevebarrachina\/wp-json\/wp\/v2\/posts\/2800","targetHints":{"allow":["GET"]}}],"collection":[{"href":"https:\/\/agora.xtec.cat\/escolaestevebarrachina\/wp-json\/wp\/v2\/posts"}],"about":[{"href":"https:\/\/agora.xtec.cat\/escolaestevebarrachina\/wp-json\/wp\/v2\/types\/post"}],"author":[{"embeddable":true,"href":"https:\/\/agora.xtec.cat\/escolaestevebarrachina\/wp-json\/wp\/v2\/users\/1"}],"replies":[{"embeddable":true,"href":"https:\/\/agora.xtec.cat\/escolaestevebarrachina\/wp-json\/wp\/v2\/comments?post=2800"}],"version-history":[{"count":0,"href":"https:\/\/agora.xtec.cat\/escolaestevebarrachina\/wp-json\/wp\/v2\/posts\/2800\/revisions"}],"wp:featuredmedia":[{"embeddable":true,"href":"https:\/\/agora.xtec.cat\/escolaestevebarrachina\/wp-json\/"}],"wp:attachment":[{"href":"https:\/\/agora.xtec.cat\/escolaestevebarrachina\/wp-json\/wp\/v2\/media?parent=2800"}],"wp:term":[{"taxonomy":"category","embeddable":true,"href":"https:\/\/agora.xtec.cat\/escolaestevebarrachina\/wp-json\/wp\/v2\/categories?post=2800"},{"taxonomy":"post_tag","embeddable":true,"href":"https:\/\/agora.xtec.cat\/escolaestevebarrachina\/wp-json\/wp\/v2\/tags?post=2800"}],"curies":[{"name":"wp","href":"https:\/\/api.w.org\/{rel}","templated":true}]}}