{"id":28,"date":"2007-12-05T13:10:20","date_gmt":"2007-12-05T12:10:20","guid":{"rendered":"http:\/\/blocs.xtec.cat\/ceipbarrachina\/2007\/12\/05\/taller-de-robotica\/"},"modified":"2007-12-05T13:10:20","modified_gmt":"2007-12-05T12:10:20","slug":"taller-de-robotica","status":"publish","type":"post","link":"https:\/\/agora.xtec.cat\/escolaestevebarrachina\/activitats-del-centre\/taller-de-robotica\/","title":{"rendered":"Taller de Rob\u00f2tica"},"content":{"rendered":"<p>Els nens i nenes de Cicle Mitj\u00e0 i Superior han fet un taller de Rob\u00f2tica dins l&#8217;activitat Supernova impartida per monitores de la Caixa de Tarragona.<br \/>\nEl taller d&#8217;Animaci\u00f3 per ordinador d&#8217;imatges i el de robots en una missi\u00f3 a Mart van ser molt interessants.<br \/>\n<img decoding=\"async\" src=\"http:\/\/lh5.ggpht.com\/_r6UtPn1rQEc\/TQiUmQwfF8I\/AAAAAAAAjA8\/wmvMhPuw9Xk\/s800\/rob%C3%B2tica%20014.jpg\" alt=\"\" \/><\/p>\n","protected":false},"excerpt":{"rendered":"<p>Els nens i nenes de Cicle Mitj\u00e0 i Superior han fet un taller de Rob\u00f2tica dins l&#8217;activitat Supernova impartida per monitores de la Caixa de Tarragona.<br \/>\nEl taller d&#8217;Animaci\u00f3 per ordinador d&#8217;imatges i el de robots en una missi\u00f3 a Mart van ser molt interessants.<\/p>\n","protected":false},"author":1,"featured_media":0,"comment_status":"open","ping_status":"closed","sticky":false,"template":"","format":"standard","meta":{"_bbp_topic_count":0,"_bbp_reply_count":0,"_bbp_total_topic_count":0,"_bbp_total_reply_count":0,"_bbp_voice_count":0,"_bbp_anonymous_reply_count":0,"_bbp_topic_count_hidden":0,"_bbp_reply_count_hidden":0,"_bbp_forum_subforum_count":0,"footnotes":""},"categories":[84],"tags":[],"class_list":["post-28","post","type-post","status-publish","format-standard","hentry","category-activitats-del-centre"],"post_mailing_queue_ids":[],"_links":{"self":[{"href":"https:\/\/agora.xtec.cat\/escolaestevebarrachina\/wp-json\/wp\/v2\/posts\/28","targetHints":{"allow":["GET"]}}],"collection":[{"href":"https:\/\/agora.xtec.cat\/escolaestevebarrachina\/wp-json\/wp\/v2\/posts"}],"about":[{"href":"https:\/\/agora.xtec.cat\/escolaestevebarrachina\/wp-json\/wp\/v2\/types\/post"}],"author":[{"embeddable":true,"href":"https:\/\/agora.xtec.cat\/escolaestevebarrachina\/wp-json\/wp\/v2\/users\/1"}],"replies":[{"embeddable":true,"href":"https:\/\/agora.xtec.cat\/escolaestevebarrachina\/wp-json\/wp\/v2\/comments?post=28"}],"version-history":[{"count":0,"href":"https:\/\/agora.xtec.cat\/escolaestevebarrachina\/wp-json\/wp\/v2\/posts\/28\/revisions"}],"wp:attachment":[{"href":"https:\/\/agora.xtec.cat\/escolaestevebarrachina\/wp-json\/wp\/v2\/media?parent=28"}],"wp:term":[{"taxonomy":"category","embeddable":true,"href":"https:\/\/agora.xtec.cat\/escolaestevebarrachina\/wp-json\/wp\/v2\/categories?post=28"},{"taxonomy":"post_tag","embeddable":true,"href":"https:\/\/agora.xtec.cat\/escolaestevebarrachina\/wp-json\/wp\/v2\/tags?post=28"}],"curies":[{"name":"wp","href":"https:\/\/api.w.org\/{rel}","templated":true}]}}