{"id":2794,"date":"2014-10-31T20:07:09","date_gmt":"2014-10-31T19:07:09","guid":{"rendered":"https:\/\/escolaestevebarrachina.cat\/?p=2794"},"modified":"2014-10-31T20:07:09","modified_gmt":"2014-10-31T19:07:09","slug":"gran-castanyada-al-barrachina","status":"publish","type":"post","link":"https:\/\/agora.xtec.cat\/escolaestevebarrachina\/blog\/gran-castanyada-al-barrachina\/","title":{"rendered":"Gran castanyada al Barrachina"},"content":{"rendered":"<p>Ahir 30 d&#8217;octubre varem celebrar el dia de la Castanyada.<\/p>\n<p>Pel mat\u00ed la castanyera va visitar els m\u00e9s petits de l&#8217;escola i els va explicar un conte. Abans de marxar els va donar un bon grapat de castanyes de collita pr\u00f2pia, portades d&#8217;Artesa de Segre. ( fotos de la caste\u00f1era y de ni\u00f1os)<\/p>\n<p>Per la tarda tots reunits al pati de l&#8217;escola, varem fer el nostre tradicional &#8220;Tastet de tardor&#8221;. Tots, des del m\u00e9s xic fins al m\u00e9s gran, varem preparar una del\u00edcia per compartir: pinxos de fuites, bombons de xocolata, tapetes de codony i panellets. MMmmm!!! Estava tot molt b\u00f3. (fotos del patio)<br \/>\nNo oblidem les castanyes! !. Sort que els nostres pares i mares ens van ajudar a tallar-les i a torrar-les a la cuina.<\/p>\n<p><iframe loading=\"lazy\" src=\"https:\/\/www.flickr.com\/photos\/105651434@N04\/15054495364\/player\/52b2ac1442\" width=\"640\" height=\"480\" frameborder=\"0\" allowfullscreen=\"allowfullscreen\"><\/iframe><\/p>\n<p>[su_button url=&#8221;https:\/\/www.flickr.com\/photos\/105651434@N04\/sets\/72157649051945842\/&#8221; target=&#8221;blank&#8221; style=&#8221;3d&#8221; background=&#8221;#EF7F2C&#8221; size=&#8221;6&#8243; icon=&#8221;icon: info-circle&#8221; desc=&#8221;Veure totes les fotos&#8221;][\/su_button]<\/p>\n<p>&nbsp;<\/p>\n","protected":false},"excerpt":{"rendered":"<p>Ahir 30 d&#8217;octubre varem celebrar el dia de la Castanyada.<br \/>\nPel mat\u00ed la castanyera va visitar els m\u00e9s petits de l&#8217;escola i els va explicar un conte. Abans de marxar els va donar un bon grapat de castanyes de collita pr\u00f2pia, portades d&#8217;Artesa de Segre. (&hellip;  <a href=\"https:\/\/agora.xtec.cat\/escolaestevebarrachina\/blog\/gran-castanyada-al-barrachina\/\" title=\"Read Gran castanyada al Barrachina\">Llegeix m\u00e9s\u00bb<\/a><\/p>\n","protected":false},"author":1,"featured_media":2796,"comment_status":"open","ping_status":"open","sticky":false,"template":"","format":"standard","meta":{"_bbp_topic_count":0,"_bbp_reply_count":0,"_bbp_total_topic_count":0,"_bbp_total_reply_count":0,"_bbp_voice_count":0,"_bbp_anonymous_reply_count":0,"_bbp_topic_count_hidden":0,"_bbp_reply_count_hidden":0,"_bbp_forum_subforum_count":0,"footnotes":""},"categories":[86],"tags":[123],"class_list":["post-2794","post","type-post","status-publish","format-standard","has-post-thumbnail","hentry","category-blog","tag-castanyada"],"post_mailing_queue_ids":[],"_links":{"self":[{"href":"https:\/\/agora.xtec.cat\/escolaestevebarrachina\/wp-json\/wp\/v2\/posts\/2794","targetHints":{"allow":["GET"]}}],"collection":[{"href":"https:\/\/agora.xtec.cat\/escolaestevebarrachina\/wp-json\/wp\/v2\/posts"}],"about":[{"href":"https:\/\/agora.xtec.cat\/escolaestevebarrachina\/wp-json\/wp\/v2\/types\/post"}],"author":[{"embeddable":true,"href":"https:\/\/agora.xtec.cat\/escolaestevebarrachina\/wp-json\/wp\/v2\/users\/1"}],"replies":[{"embeddable":true,"href":"https:\/\/agora.xtec.cat\/escolaestevebarrachina\/wp-json\/wp\/v2\/comments?post=2794"}],"version-history":[{"count":0,"href":"https:\/\/agora.xtec.cat\/escolaestevebarrachina\/wp-json\/wp\/v2\/posts\/2794\/revisions"}],"wp:featuredmedia":[{"embeddable":true,"href":"https:\/\/agora.xtec.cat\/escolaestevebarrachina\/wp-json\/"}],"wp:attachment":[{"href":"https:\/\/agora.xtec.cat\/escolaestevebarrachina\/wp-json\/wp\/v2\/media?parent=2794"}],"wp:term":[{"taxonomy":"category","embeddable":true,"href":"https:\/\/agora.xtec.cat\/escolaestevebarrachina\/wp-json\/wp\/v2\/categories?post=2794"},{"taxonomy":"post_tag","embeddable":true,"href":"https:\/\/agora.xtec.cat\/escolaestevebarrachina\/wp-json\/wp\/v2\/tags?post=2794"}],"curies":[{"name":"wp","href":"https:\/\/api.w.org\/{rel}","templated":true}]}}