{"id":2782,"date":"2014-09-27T22:59:55","date_gmt":"2014-09-27T20:59:55","guid":{"rendered":"https:\/\/escolaestevebarrachina.cat\/?p=2782"},"modified":"2014-09-27T22:59:55","modified_gmt":"2014-09-27T20:59:55","slug":"aquesta-quinzena-escoltem-la-pantera-rosa","status":"publish","type":"post","link":"https:\/\/agora.xtec.cat\/escolaestevebarrachina\/aquesta-quinzena-escoltem\/aquesta-quinzena-escoltem-la-pantera-rosa\/","title":{"rendered":"Aquesta quinzena escoltem\u2026 La pantera rosa"},"content":{"rendered":"<p><strong>Del 29 setembre al 10 d&#8217;octubre.<\/strong><\/p>\n<p><img loading=\"lazy\" decoding=\"async\" class=\"alignleft wp-image-2783 size-full\" src=\"https:\/\/escolaestevebarrachina.cat\/wp-content\/uploads\/2014\/10\/303c8bc2a78f82437085420697e1a.jpg\" alt=\"303c8bc2a78f82437085420697e1a\" width=\"300\" height=\"168\" \/>Henry Mancini fou un m\u00fasic d&#8217;estats units , conegut per les seves composicions de bandes sonores. Nascut el 1924<\/p>\n<p>Acabada la II Guerra Mundial\u00a0 Mancini va entrar a treballar als estudis cinematogr\u00e0fics, on arranjava, orquestrava supervisava i componia bandes musicals per a pel\u00b7l\u00edcules. Henry Mancini va guanyar dos oscars; a la millor can\u00e7\u00f3 \u201cMon River\u201d i a la millor partitura original.<br \/>\n<iframe loading=\"lazy\" src=\"\/\/www.youtube.com\/embed\/g66iFhxsF8s?rel=0&amp;controls=0\" width=\"640\" height=\"480\" frameborder=\"0\" allowfullscreen=\"allowfullscreen\"><\/iframe><\/p>\n","protected":false},"excerpt":{"rendered":"<p>Del 29 setembre al 10 d&#8217;octubre.<br \/>\nHenry Mancini fou un m\u00fasic d&#8217;estats units , conegut per les seves composicions de bandes sonores. Nascut el 1924<br \/>\nAcabada la II Guerra Mundial\u00a0 Mancini va entrar a treballar als estudis cinematogr\u00e0fics, on arranjava, orquestrava supervisava i componia bandes musicals per&hellip;  <a href=\"https:\/\/agora.xtec.cat\/escolaestevebarrachina\/aquesta-quinzena-escoltem\/aquesta-quinzena-escoltem-la-pantera-rosa\/\" title=\"Read Aquesta quinzena escoltem\u2026 La pantera rosa\">Llegeix m\u00e9s\u00bb<\/a><\/p>\n","protected":false},"author":1,"featured_media":2783,"comment_status":"open","ping_status":"open","sticky":false,"template":"","format":"standard","meta":{"_bbp_topic_count":0,"_bbp_reply_count":0,"_bbp_total_topic_count":0,"_bbp_total_reply_count":0,"_bbp_voice_count":0,"_bbp_anonymous_reply_count":0,"_bbp_topic_count_hidden":0,"_bbp_reply_count_hidden":0,"_bbp_forum_subforum_count":0,"footnotes":""},"categories":[121],"tags":[120],"class_list":["post-2782","post","type-post","status-publish","format-standard","has-post-thumbnail","hentry","category-aquesta-quinzena-escoltem","tag-aquesta-quinzena-escoltem"],"post_mailing_queue_ids":[],"_links":{"self":[{"href":"https:\/\/agora.xtec.cat\/escolaestevebarrachina\/wp-json\/wp\/v2\/posts\/2782","targetHints":{"allow":["GET"]}}],"collection":[{"href":"https:\/\/agora.xtec.cat\/escolaestevebarrachina\/wp-json\/wp\/v2\/posts"}],"about":[{"href":"https:\/\/agora.xtec.cat\/escolaestevebarrachina\/wp-json\/wp\/v2\/types\/post"}],"author":[{"embeddable":true,"href":"https:\/\/agora.xtec.cat\/escolaestevebarrachina\/wp-json\/wp\/v2\/users\/1"}],"replies":[{"embeddable":true,"href":"https:\/\/agora.xtec.cat\/escolaestevebarrachina\/wp-json\/wp\/v2\/comments?post=2782"}],"version-history":[{"count":0,"href":"https:\/\/agora.xtec.cat\/escolaestevebarrachina\/wp-json\/wp\/v2\/posts\/2782\/revisions"}],"wp:featuredmedia":[{"embeddable":true,"href":"https:\/\/agora.xtec.cat\/escolaestevebarrachina\/wp-json\/"}],"wp:attachment":[{"href":"https:\/\/agora.xtec.cat\/escolaestevebarrachina\/wp-json\/wp\/v2\/media?parent=2782"}],"wp:term":[{"taxonomy":"category","embeddable":true,"href":"https:\/\/agora.xtec.cat\/escolaestevebarrachina\/wp-json\/wp\/v2\/categories?post=2782"},{"taxonomy":"post_tag","embeddable":true,"href":"https:\/\/agora.xtec.cat\/escolaestevebarrachina\/wp-json\/wp\/v2\/tags?post=2782"}],"curies":[{"name":"wp","href":"https:\/\/api.w.org\/{rel}","templated":true}]}}