{"id":2771,"date":"2014-10-28T21:07:13","date_gmt":"2014-10-28T20:07:13","guid":{"rendered":"https:\/\/escolaestevebarrachina.cat\/?p=2771"},"modified":"2014-10-28T21:07:13","modified_gmt":"2014-10-28T20:07:13","slug":"aquesta-quinzena-escoltem-con-un-poco-de-azucar","status":"publish","type":"post","link":"https:\/\/agora.xtec.cat\/escolaestevebarrachina\/activitats-del-centre\/aquesta-quinzena-escoltem-con-un-poco-de-azucar\/","title":{"rendered":"Aquesta quinzena escoltem&#8230; Con un poco de azucar"},"content":{"rendered":"<p><a href=\"https:\/\/escolaestevebarrachina.cat\/wp-content\/uploads\/2014\/10\/Robert-Sherman.jpg\"><img loading=\"lazy\" decoding=\"async\" class=\"alignleft size-full wp-image-2772\" src=\"https:\/\/escolaestevebarrachina.cat\/wp-content\/uploads\/2014\/10\/Robert-Sherman.jpg\" alt=\"Robert Sherman\" width=\"300\" height=\"168\" \/><\/a>Aquesta quinzena ( Del 27 d&#8217;octubre al 7 novembre) escoltem\u00a0<em>Con un poco de azucar<\/em> de la pel\u00b7l\u00edcula\u00a0 Mary Poppins. El compositor d&#8217;aquest tema \u00e9s\u00a0Robert Sherman, que amb el seu germ\u00e0\u00a0 Richard s\u00f3n autors de les can\u00e7ons m\u00e9s famoses de Disney.<\/p>\n<p>Van treballar en pel\u00b7l\u00edcules com Mary Poppins, El llibre de la selva, el Winnie the Pooh,..<br \/>\nEn Robert va n\u00e9ixer l&#8217;any 1925 a New York, Estats Units.<\/p>\n<p><iframe loading=\"lazy\" src=\"\/\/www.youtube.com\/embed\/NCZ7rg0xEAI?rel=0&amp;controls=0\" width=\"640\" height=\"480\" frameborder=\"0\" allowfullscreen=\"allowfullscreen\"><\/iframe><\/p>\n","protected":false},"excerpt":{"rendered":"<p><a href=\"https:\/\/escolaestevebarrachina.cat\/wp-content\/uploads\/2014\/10\/Robert-Sherman.jpg\"><\/a>Aquesta quinzena ( Del 27 d&#8217;octubre al 7 novembre) escoltem\u00a0Con un poco de azucar de la pel\u00b7l\u00edcula\u00a0 Mary Poppins. El compositor d&#8217;aquest tema \u00e9s\u00a0Robert Sherman, que amb el seu germ\u00e0\u00a0 Richard s\u00f3n autors de les can\u00e7ons m\u00e9s famoses de Disney.<br \/>\nVan treballar en pel\u00b7l\u00edcules com&hellip;  <a href=\"https:\/\/agora.xtec.cat\/escolaestevebarrachina\/activitats-del-centre\/aquesta-quinzena-escoltem-con-un-poco-de-azucar\/\" title=\"Read Aquesta quinzena escoltem&#8230; Con un poco de azucar\">Llegeix m\u00e9s\u00bb<\/a><\/p>\n","protected":false},"author":1,"featured_media":2772,"comment_status":"open","ping_status":"open","sticky":false,"template":"","format":"standard","meta":{"_bbp_topic_count":0,"_bbp_reply_count":0,"_bbp_total_topic_count":0,"_bbp_total_reply_count":0,"_bbp_voice_count":0,"_bbp_anonymous_reply_count":0,"_bbp_topic_count_hidden":0,"_bbp_reply_count_hidden":0,"_bbp_forum_subforum_count":0,"footnotes":""},"categories":[84,121,86],"tags":[120,122],"class_list":["post-2771","post","type-post","status-publish","format-standard","has-post-thumbnail","hentry","category-activitats-del-centre","category-aquesta-quinzena-escoltem","category-blog","tag-aquesta-quinzena-escoltem","tag-musica"],"post_mailing_queue_ids":[],"_links":{"self":[{"href":"https:\/\/agora.xtec.cat\/escolaestevebarrachina\/wp-json\/wp\/v2\/posts\/2771","targetHints":{"allow":["GET"]}}],"collection":[{"href":"https:\/\/agora.xtec.cat\/escolaestevebarrachina\/wp-json\/wp\/v2\/posts"}],"about":[{"href":"https:\/\/agora.xtec.cat\/escolaestevebarrachina\/wp-json\/wp\/v2\/types\/post"}],"author":[{"embeddable":true,"href":"https:\/\/agora.xtec.cat\/escolaestevebarrachina\/wp-json\/wp\/v2\/users\/1"}],"replies":[{"embeddable":true,"href":"https:\/\/agora.xtec.cat\/escolaestevebarrachina\/wp-json\/wp\/v2\/comments?post=2771"}],"version-history":[{"count":0,"href":"https:\/\/agora.xtec.cat\/escolaestevebarrachina\/wp-json\/wp\/v2\/posts\/2771\/revisions"}],"wp:featuredmedia":[{"embeddable":true,"href":"https:\/\/agora.xtec.cat\/escolaestevebarrachina\/wp-json\/"}],"wp:attachment":[{"href":"https:\/\/agora.xtec.cat\/escolaestevebarrachina\/wp-json\/wp\/v2\/media?parent=2771"}],"wp:term":[{"taxonomy":"category","embeddable":true,"href":"https:\/\/agora.xtec.cat\/escolaestevebarrachina\/wp-json\/wp\/v2\/categories?post=2771"},{"taxonomy":"post_tag","embeddable":true,"href":"https:\/\/agora.xtec.cat\/escolaestevebarrachina\/wp-json\/wp\/v2\/tags?post=2771"}],"curies":[{"name":"wp","href":"https:\/\/api.w.org\/{rel}","templated":true}]}}