{"id":2742,"date":"2014-09-22T17:09:45","date_gmt":"2014-09-22T15:09:45","guid":{"rendered":"https:\/\/escolaestevebarrachina.cat\/?p=2742"},"modified":"2014-09-22T17:09:45","modified_gmt":"2014-09-22T15:09:45","slug":"extraescolars-regidoria-desports","status":"publish","type":"post","link":"https:\/\/agora.xtec.cat\/escolaestevebarrachina\/activitats-del-centre\/extraescolars-regidoria-desports\/","title":{"rendered":"Extraescolars Regidoria d&#8217;esports 2015-2016"},"content":{"rendered":"<p><strong>Per nens i nenes de P3 a 3r de Prim\u00e0ria.<\/strong><\/p>\n<p><strong>GRUPS:<\/strong><br \/>\n\u2022\u00a0\u00a0 \u00a0<strong>PSICOMOTRICITAT:<\/strong> P3, P4 i P5 (2011, 2010 i 2009). Dilluns i dimecres.<br \/>\no\u00a0\u00a0 \u00a0A les escoles Miquel Utrillo i Esteve Barrachina.<br \/>\n<strong>\u2022\u00a0\u00a0 \u00a0INICIACI\u00d3 ESPORTIVA:<\/strong> \u00a0\u00a0 \u00a01r, 2on i 3r de Prim\u00e0ria (2006, 2007 i 2008) Dimarts i dijous.<br \/>\no\u00a0\u00a0 \u00a0A l\u2019escoles Miquel Utrillo i Esteve Barrachina<br \/>\n<strong>LLOC I HORARI:<\/strong><br \/>\nCEIP Miquel Utrillo:\u00a0\u00a0 \u00a0 de 16,30 a 18,00 hores.<br \/>\nCEIP Esteve Barrachina: de 16,30 a 18,00 hores.<\/p>\n<p><strong>CALENDARI DE L\u2019ACTIVITAT:<\/strong><\/p>\n<p>Del\u00a0 l\u20191 d\u2019octubre de 2015, al 16 de juny de 2016. Seguint el calendari escolar.<\/p>\n<p><strong>INSCRIPCI\u00d3:<\/strong><\/p>\n<p>A partir del 18 de setembre a l\u2019OAC. (Fotocopia DNI infant o pare\/mare en el seu defecte, fotocopia catsalut, fotocopia primera p\u00e0gina llibreta banc\u00e0ria on fareu la domiciliaci\u00f3, 1 foto, i el comprovant de pagament de l\u2019asseguran\u00e7a esportiva). Els ja inscrits en edicions anterior, nom\u00e9s signatura del full d\u2019inscripci\u00f3 d\u2019aquest curs.<\/p>\n<p><strong>PLACES:<\/strong><\/p>\n<p>15 places per activitat i escola a psicomotricitat, i 20 a Iniciaci\u00f3 Esportiva. Per portar a terme el programa s\u2019haur\u00e0 d\u2019arribar a un m\u00ednim de 10 inscripcions a l\u2019activitat. En cas d\u2019haver-hi m\u00e9s inscripcions que places, es crear\u00e0 un llistat d\u2019espera.<\/p>\n<p><strong>PREU CURS 2015 &#8211; 2016:<\/strong><\/p>\n<p>\u2022\u00a0\u00a0 \u00a0Quota trimestral: (Domiciliaci\u00f3 banc\u00e0ria) 60 \u20ac trimestrals.<br \/>\n\u2022\u00a0\u00a0 \u00a0M\u00fatua esportiva: 5,5 \u20ac anual. Ingr\u00e9s al compte 2013 3231 07 0210210921 de la Catalunya Caixa (cal fer constar el nom del nen\/a que s\u2019inscriu i Escola Esportiva Municipal). Lliurar el comprovant de pagament a l\u2019OAC en el moment de fer la inscripci\u00f3.<\/p>\n<p><strong>MATERIAL:<\/strong><\/p>\n<p>Els infants disposen de quinze minuts despr\u00e9s de l\u2019acabament de l\u2019escola per berenar. Per tant, li heu de posar una bosseta amb el berenar, quelcom lleuger per menjar, i beguda en una ampolla herm\u00e8tica i irrompible (suc, aigua, etc&#8230;)<\/p>\n<p><strong>CAL\u00c7AT:<\/strong><\/p>\n<p><strong>Els infants de psicomotricitat<\/strong> \u00e9s recomanable que vagin cal\u00e7ats amb velcro, ja que treballem els h\u00e0bits de treure i posar sabatilles, per unes d\u2019\u00fas exclusiu al gimn\u00e0s. Aix\u00ed, heu de portar dintre d\u2019una bossa amb el seu nom unes sabatilles per al gimn\u00e0s (tipus Vict\u00f2ria o xines), les podeu trobar al Decathlon o en qualsevol sabateria. Aquestes romanen al gimn\u00e0s fins final de trimestre per evitar p\u00e8rdues i carrega de pes innecessari pels infants. Despr\u00e9s les tornem perqu\u00e8 les pugueu rentar, i al principi del seg\u00fcent trimestre les teniu que tornar a portar.<\/p>\n<p><strong>VESTIMENTA:<\/strong><\/p>\n<p>\u00c9s recomanable que sempre portin mitjons, encara que faci calor, i roba c\u00f2moda ( xandall, samarreta de m\u00e0niga curta a sota ).<\/p>\n<p>Per a m\u00e9s informaci\u00f3 us podeu adre\u00e7ar al Servei d\u2019Esports, trucant al <strong>93-894.50.56<\/strong><\/p>\n<p>&nbsp;<\/p>\n<p>[su_button url=&#8221;https:\/\/escolaestevebarrachina.cat\/wp-content\/uploads\/2014\/09\/D\u00cdPTICS-Escola-Esportiva.pdf&#8221; target=&#8221;blank&#8221; style=&#8221;3d&#8221; background=&#8221;#EF7F2C&#8221; size=&#8221;6&#8243; icon=&#8221;icon: info-circle&#8221; desc=&#8221;M\u00e8s informaci\u00f3&#8221;][\/su_button]<\/p>\n<p>[su_spacer size=&#8221;50&#8243;]<\/p>\n","protected":false},"excerpt":{"rendered":"<p>Per nens i nenes de P3 a 3r de Prim\u00e0ria.<br \/>\nGRUPS:<br \/>\n\u2022\u00a0\u00a0 \u00a0PSICOMOTRICITAT: P3, P4 i P5 (2011, 2010 i 2009). Dilluns i dimecres.<br \/>\no\u00a0\u00a0 \u00a0A les escoles Miquel Utrillo i Esteve Barrachina.<br \/>\n\u2022\u00a0\u00a0 \u00a0INICIACI\u00d3 ESPORTIVA: \u00a0\u00a0 \u00a01r, 2on i 3r de Prim\u00e0ria (2006, 2007 i 2008) Dimarts i&hellip;  <a href=\"https:\/\/agora.xtec.cat\/escolaestevebarrachina\/activitats-del-centre\/extraescolars-regidoria-desports\/\" title=\"Read Extraescolars Regidoria d&#8217;esports 2015-2016\">Llegeix m\u00e9s\u00bb<\/a><\/p>\n","protected":false},"author":1,"featured_media":0,"comment_status":"open","ping_status":"open","sticky":false,"template":"","format":"standard","meta":{"_bbp_topic_count":0,"_bbp_reply_count":0,"_bbp_total_topic_count":0,"_bbp_total_reply_count":0,"_bbp_voice_count":0,"_bbp_anonymous_reply_count":0,"_bbp_topic_count_hidden":0,"_bbp_reply_count_hidden":0,"_bbp_forum_subforum_count":0,"footnotes":""},"categories":[84],"tags":[118],"class_list":["post-2742","post","type-post","status-publish","format-standard","hentry","category-activitats-del-centre","tag-extraescolars"],"post_mailing_queue_ids":[],"_links":{"self":[{"href":"https:\/\/agora.xtec.cat\/escolaestevebarrachina\/wp-json\/wp\/v2\/posts\/2742","targetHints":{"allow":["GET"]}}],"collection":[{"href":"https:\/\/agora.xtec.cat\/escolaestevebarrachina\/wp-json\/wp\/v2\/posts"}],"about":[{"href":"https:\/\/agora.xtec.cat\/escolaestevebarrachina\/wp-json\/wp\/v2\/types\/post"}],"author":[{"embeddable":true,"href":"https:\/\/agora.xtec.cat\/escolaestevebarrachina\/wp-json\/wp\/v2\/users\/1"}],"replies":[{"embeddable":true,"href":"https:\/\/agora.xtec.cat\/escolaestevebarrachina\/wp-json\/wp\/v2\/comments?post=2742"}],"version-history":[{"count":0,"href":"https:\/\/agora.xtec.cat\/escolaestevebarrachina\/wp-json\/wp\/v2\/posts\/2742\/revisions"}],"wp:attachment":[{"href":"https:\/\/agora.xtec.cat\/escolaestevebarrachina\/wp-json\/wp\/v2\/media?parent=2742"}],"wp:term":[{"taxonomy":"category","embeddable":true,"href":"https:\/\/agora.xtec.cat\/escolaestevebarrachina\/wp-json\/wp\/v2\/categories?post=2742"},{"taxonomy":"post_tag","embeddable":true,"href":"https:\/\/agora.xtec.cat\/escolaestevebarrachina\/wp-json\/wp\/v2\/tags?post=2742"}],"curies":[{"name":"wp","href":"https:\/\/api.w.org\/{rel}","templated":true}]}}